{"id":123622,"date":"2020-07-13T06:00:00","date_gmt":"2020-07-13T11:00:00","guid":{"rendered":"https:\/\/plazajuarez.mx\/?p=123622"},"modified":"2020-07-12T23:21:03","modified_gmt":"2020-07-13T04:21:03","slug":"realizaran-homenaje-a-el-loco-valdes-y-tin-tan","status":"publish","type":"post","link":"https:\/\/plazajuarez.mx\/historico\/realizaran-homenaje-a-el-loco-valdes-y-tin-tan\/","title":{"rendered":"Realizar\u00e1n homenaje a &#8220;El Loco&#8221; Vald\u00e9s y Tin Tan"},"content":{"rendered":"\n<ul class=\"wp-block-list\"><li><strong>A trav\u00e9s de un concierto que transmitir\u00e1 por streaming<\/strong><\/li><\/ul>\n\n\n\n<!--more-->\n\n\n\n<p>Marcos Vald\u00e9s realizar\u00e1 un homenaje a familia Vald\u00e9s a trav\u00e9s de un concierto que transmitir\u00e1 por streaming, en donde adem\u00e1s de recordar a su t\u00edo Germ\u00e1n Vald\u00e9s &#8220;Tin Tan&#8221;, tambi\u00e9n homenajear\u00e1 a &#8220;El Loco&#8221; Vald\u00e9s con una parodia.<\/p>\n\n\n\n<p>Despu\u00e9s de varios a\u00f1os que el cantante ha rendido un tributo a su familia, este a\u00f1o tambi\u00e9n lo har\u00e1, aunque sea a trav\u00e9s de las plataformas digitales, debido a la contingencia sanitaria causada por el Covid-19.<\/p>\n\n\n\n<p>&#8220;Se har\u00e1 un homenaje a la familia Vald\u00e9s, va a estar bien bonito, hasta de Cristian Castro voy a cantar. Tengo treinta a\u00f1os haciendo este homenaje a Germ\u00e1n Vald\u00e9s &#8216;Tin Tan&#8217;, pero en esta ocasi\u00f3n tambi\u00e9n har\u00e9 una parodia de mi pap\u00e1 que est\u00e1 padr\u00edsima, otra de &#8216;Don Ram\u00f3n&#8217;, as\u00ed que nos vamos a divertir much\u00edsimo en este evento, adem\u00e1s lo puede ver toda la familia&#8221;, inform\u00f3 a EL UNIVERSAL.<\/p>\n\n\n\n<p>El show tendr\u00e1 un costo simb\u00f3lico y ser\u00e1 transmitido el pr\u00f3ximo 17 de julio a las 20:00 horas.<\/p>\n","protected":false},"excerpt":{"rendered":"<p>A trav\u00e9s de un concierto que transmitir\u00e1 por streaming<\/p>\n","protected":false},"author":81,"featured_media":0,"comment_status":"closed","ping_status":"open","sticky":false,"template":"","format":"standard","meta":{"footnotes":""},"categories":[38],"tags":[],"class_list":["post-123622","post","type-post","status-publish","format-standard","hentry","category-show"],"_links":{"self":[{"href":"https:\/\/plazajuarez.mx\/historico\/wp-json\/wp\/v2\/posts\/123622","targetHints":{"allow":["GET"]}}],"collection":[{"href":"https:\/\/plazajuarez.mx\/historico\/wp-json\/wp\/v2\/posts"}],"about":[{"href":"https:\/\/plazajuarez.mx\/historico\/wp-json\/wp\/v2\/types\/post"}],"author":[{"embeddable":true,"href":"https:\/\/plazajuarez.mx\/historico\/wp-json\/wp\/v2\/users\/81"}],"replies":[{"embeddable":true,"href":"https:\/\/plazajuarez.mx\/historico\/wp-json\/wp\/v2\/comments?post=123622"}],"version-history":[{"count":0,"href":"https:\/\/plazajuarez.mx\/historico\/wp-json\/wp\/v2\/posts\/123622\/revisions"}],"wp:attachment":[{"href":"https:\/\/plazajuarez.mx\/historico\/wp-json\/wp\/v2\/media?parent=123622"}],"wp:term":[{"taxonomy":"category","embeddable":true,"href":"https:\/\/plazajuarez.mx\/historico\/wp-json\/wp\/v2\/categories?post=123622"},{"taxonomy":"post_tag","embeddable":true,"href":"https:\/\/plazajuarez.mx\/historico\/wp-json\/wp\/v2\/tags?post=123622"}],"curies":[{"name":"wp","href":"https:\/\/api.w.org\/{rel}","templated":true}]}}