{"id":123620,"date":"2020-07-13T06:00:00","date_gmt":"2020-07-13T11:00:00","guid":{"rendered":"https:\/\/plazajuarez.mx\/?p=123620"},"modified":"2020-07-12T23:11:21","modified_gmt":"2020-07-13T04:11:21","slug":"el-cedral-reabrio-sus-puertas-a-visitantes","status":"publish","type":"post","link":"https:\/\/plazajuarez.mx\/historico\/el-cedral-reabrio-sus-puertas-a-visitantes\/","title":{"rendered":"El Cedral reabri\u00f3 sus puertas a visitantes"},"content":{"rendered":"\n<ul class=\"wp-block-list\"><li><strong>A partir del d\u00eda de ayer, 12 de julio, recibir\u00e1n turistas de todas las regiones<\/strong><\/li><\/ul>\n\n\n\n<!--more-->\n\n\n\n<p>El Parque Ecotur\u00edstico \u201cEl Cedral\u201d, ubicado en el municipio de Mineral del Chico, dio a conocer, mediante sus redes sociales, que a partir de ayer, 12 de julio, reabrieron sus puertas al p\u00fablico en general, despu\u00e9s de que en d\u00edas pasados el estado de Hidalgo anunciara el cambio a color naranja en el sem\u00e1foro epidemiol\u00f3gico\u00a0<\/p>\n\n\n\n<p>El parque se\u00f1al\u00f3 que para la seguridad del personal y visitantes, contar\u00e1n con estrictas normas de seguridad como el uso obligatorio de cubrebocas, as\u00ed como la sana distancia.&nbsp;<\/p>\n\n\n\n<p>Asimismo, la administraci\u00f3n del establecimiento se\u00f1al\u00f3 que todas las personas deber\u00e1n cumplir con las indicaciones establecidas en materia de seguridad sanitaria, y en caso de no atender las mismas, el personal de \u201cEl Cedral\u201d le negar\u00e1 sus servicios<\/p>\n\n\n\n<p>Por otra parte, de manera reciente, el secretario de Turismo en la entidad, Eduardo Javier Ba\u00f1os G\u00f3mez, invit\u00f3 a la poblaci\u00f3n en general a visitar la entidad hidalguense, pues, parques acu\u00e1ticos, centros ecotur\u00edsticos, balnearios, entre otros, pueden recibir visitantes hasta en un 30 por ciento de su capacidad.<\/p>\n","protected":false},"excerpt":{"rendered":"<p>A partir del d\u00eda de ayer, 12 de julio, recibir\u00e1n turistas de todas las regiones<\/p>\n","protected":false},"author":93,"featured_media":0,"comment_status":"closed","ping_status":"open","sticky":false,"template":"","format":"standard","meta":{"footnotes":""},"categories":[59],"tags":[],"class_list":["post-123620","post","type-post","status-publish","format-standard","hentry","category-general"],"_links":{"self":[{"href":"https:\/\/plazajuarez.mx\/historico\/wp-json\/wp\/v2\/posts\/123620","targetHints":{"allow":["GET"]}}],"collection":[{"href":"https:\/\/plazajuarez.mx\/historico\/wp-json\/wp\/v2\/posts"}],"about":[{"href":"https:\/\/plazajuarez.mx\/historico\/wp-json\/wp\/v2\/types\/post"}],"author":[{"embeddable":true,"href":"https:\/\/plazajuarez.mx\/historico\/wp-json\/wp\/v2\/users\/93"}],"replies":[{"embeddable":true,"href":"https:\/\/plazajuarez.mx\/historico\/wp-json\/wp\/v2\/comments?post=123620"}],"version-history":[{"count":0,"href":"https:\/\/plazajuarez.mx\/historico\/wp-json\/wp\/v2\/posts\/123620\/revisions"}],"wp:attachment":[{"href":"https:\/\/plazajuarez.mx\/historico\/wp-json\/wp\/v2\/media?parent=123620"}],"wp:term":[{"taxonomy":"category","embeddable":true,"href":"https:\/\/plazajuarez.mx\/historico\/wp-json\/wp\/v2\/categories?post=123620"},{"taxonomy":"post_tag","embeddable":true,"href":"https:\/\/plazajuarez.mx\/historico\/wp-json\/wp\/v2\/tags?post=123620"}],"curies":[{"name":"wp","href":"https:\/\/api.w.org\/{rel}","templated":true}]}}