{"id":123619,"date":"2020-07-13T06:00:00","date_gmt":"2020-07-13T11:00:00","guid":{"rendered":"https:\/\/plazajuarez.mx\/?p=123619"},"modified":"2020-07-12T23:08:52","modified_gmt":"2020-07-13T04:08:52","slug":"descartan-llegada-de-un-dirigente-a-morena-hidalgo","status":"publish","type":"post","link":"https:\/\/plazajuarez.mx\/historico\/descartan-llegada-de-un-dirigente-a-morena-hidalgo\/","title":{"rendered":"Descartan llegada de un dirigente a Morena Hidalgo"},"content":{"rendered":"\n<ul class=\"wp-block-list\"><li><strong>Refiri\u00f3 Luis Cadena que los trabajos al interior del partido no han requerido de un delegado o enlace nacional<\/strong><\/li><\/ul>\n\n\n\n<!--more-->\n\n\n\n<p>El secretario de organizaci\u00f3n del Movimiento Regeneraci\u00f3n Nacional (Morena) en Hidalgo, Luis Enrique Cadena Garc\u00eda afirm\u00f3 que dentro del partido existe la convicci\u00f3n de que no es necesaria la presencia de un dirigente estatal, dado el trabajo que ya se tiene realizado, a pesar de que el comit\u00e9 ejecutivo estatal morenista est\u00e1 ac\u00e9fala desde hace casi dos a\u00f1os.\u00a0<\/p>\n\n\n\n<p>Sobre este tema, coment\u00f3 que en m\u00e1s de la mitad de los estados con comit\u00e9s sin dirigencias se han nombrado enlaces nacionales o delegados nombrados por el comit\u00e9 ejecutivo nacional de Morena, incluida la llegada de Hortencia S\u00e1nchez Galv\u00e1n, como la delegada para la sede estatal morenista de Coahuila, estado que, junto con Hidalgo, desarrollar\u00e1 elecciones en este a\u00f1o.&nbsp;<\/p>\n\n\n\n<p>No obstante, declar\u00f3 que en el caso de la entidad hidalguense, \u201cno se ha nombrado ning\u00fan delegado o enlace, en la circular que el comit\u00e9 nacional de Morena emiti\u00f3 se mencionaba que, hasta este momento, los nombramientos se realizaron en lugares donde se tuvieran cargos ac\u00e9falos en sus comit\u00e9s estatales\u201d.&nbsp;<\/p>\n\n\n\n<p>En ese sentido, consider\u00f3 que el trabajo que se desarrolla al interior de Morena Hidalgo no ha sido sujeto de requerir alg\u00fan representante partidista, y a\u00f1adi\u00f3 que \u201cpor ese motivo, hasta este momento no lo han nombrado\u201d.&nbsp;<\/p>\n\n\n\n<p>A\u00f1adi\u00f3 que en las reuniones virtuales que se han sostenido con la dirigencia y el consejo nacional de Morena no se ha tocado el tema de nombrar a un delegado o un enlace nacional, ya que refiri\u00f3 que esto no ha sido un tema importante y necesario, y asever\u00f3 que las cosas al interior de Morena en Hidalgo se han desarrollado de forma correcta.<\/p>\n\n\n\n<p>Por otro lado, asever\u00f3 que para los asuntos internos y de organizaci\u00f3n se ha conformado un trabajo de manera colegiada entre los ocho secretarios que conforman el comit\u00e9 ejecutivo estatal para resolver las inquietudes de la militancia.&nbsp;<\/p>\n\n\n\n<p>Sin embargo, afirm\u00f3 que se est\u00e1 en la disposici\u00f3n de que la dirigencia nacional del partido pueda nombrar a un representante, \u201csi se llega a nombrar a alguien como un enlace, creo que estaremos listos para poder coadyuvar con eso, y que se sume a los trabajos que se est\u00e1n realizando por parte del comit\u00e9 y el consejo estatal, no tenemos problema con ello\u201d, asegur\u00f3.&nbsp;<\/p>\n\n\n\n<p>Dato: \u201cSi se llega a nombrar a alguien como un enlace, creo que estaremos listos para poder coadyuvar con eso\u201d<\/p>\n","protected":false},"excerpt":{"rendered":"<p>Refiri\u00f3 Luis Cadena que los trabajos al interior del partido no han requerido de un delegado o enlace nacional<\/p>\n","protected":false},"author":93,"featured_media":0,"comment_status":"closed","ping_status":"open","sticky":false,"template":"","format":"standard","meta":{"footnotes":""},"categories":[59],"tags":[],"class_list":["post-123619","post","type-post","status-publish","format-standard","hentry","category-general"],"_links":{"self":[{"href":"https:\/\/plazajuarez.mx\/historico\/wp-json\/wp\/v2\/posts\/123619","targetHints":{"allow":["GET"]}}],"collection":[{"href":"https:\/\/plazajuarez.mx\/historico\/wp-json\/wp\/v2\/posts"}],"about":[{"href":"https:\/\/plazajuarez.mx\/historico\/wp-json\/wp\/v2\/types\/post"}],"author":[{"embeddable":true,"href":"https:\/\/plazajuarez.mx\/historico\/wp-json\/wp\/v2\/users\/93"}],"replies":[{"embeddable":true,"href":"https:\/\/plazajuarez.mx\/historico\/wp-json\/wp\/v2\/comments?post=123619"}],"version-history":[{"count":0,"href":"https:\/\/plazajuarez.mx\/historico\/wp-json\/wp\/v2\/posts\/123619\/revisions"}],"wp:attachment":[{"href":"https:\/\/plazajuarez.mx\/historico\/wp-json\/wp\/v2\/media?parent=123619"}],"wp:term":[{"taxonomy":"category","embeddable":true,"href":"https:\/\/plazajuarez.mx\/historico\/wp-json\/wp\/v2\/categories?post=123619"},{"taxonomy":"post_tag","embeddable":true,"href":"https:\/\/plazajuarez.mx\/historico\/wp-json\/wp\/v2\/tags?post=123619"}],"curies":[{"name":"wp","href":"https:\/\/api.w.org\/{rel}","templated":true}]}}