{"id":123618,"date":"2020-07-13T06:00:00","date_gmt":"2020-07-13T11:00:00","guid":{"rendered":"https:\/\/plazajuarez.mx\/?p=123618"},"modified":"2020-07-12T23:05:17","modified_gmt":"2020-07-13T04:05:17","slug":"alfil-negro-1872","status":"publish","type":"post","link":"https:\/\/plazajuarez.mx\/historico\/alfil-negro-1872\/","title":{"rendered":"ALFIL NEGRO"},"content":{"rendered":"\n<h2 class=\"wp-block-heading\"><strong>ARRANCA LA PELEA POR LOS CONCEJOS<\/strong><\/h2>\n\n\n\n<!--more-->\n\n\n\n<ul class=\"wp-block-list\"><li>Lo que buscan es que se posicionen sus grupos, ganar para sus colores la mayor\u00eda de los Concejos\u2026&nbsp;<\/li><\/ul>\n\n\n\n<p>Seguramente este lunes 13 arreciar\u00e1 la pelea por los Concejos Municipales, ante la imposibilidad de tener alcaldes constitucionales electos.&nbsp;<\/p>\n\n\n\n<p>Porque no se han podido realizar las elecciones por la pandemia, lo que obliga al Congreso a elegir los Concejos, con un mandato contundente de la Constituci\u00f3n, pero con reglas poco claras para el m\u00e9todo de elecci\u00f3n, lo que le ha dado puerta abierta a los cazadores de tesoros pol\u00edticos, de pronunciarse desde sus posibilidades de poder, para intentar meter su cuchara en este procedimiento.<\/p>\n\n\n\n<p>No cuesta mucho entender cu\u00e1l es su intenci\u00f3n.<\/p>\n\n\n\n<p>Lo que buscan es que se posicionen sus grupos, ganar para sus colores la mayor\u00eda de los Concejos y de esta manera, mandar en los municipios el tiempo que duren estos organismos, y tener ese tiempo como espacio para preparar la jornada electoral a su favor.<\/p>\n\n\n\n<p>No es casual que de pronto, aparezcan diputados que buscan fijar reglas para el proceso y de su cabecita propongan protocolos para la elecci\u00f3n de los concejales, que van desde hacer p\u00fablica una convocatoria y hasta iniciativas para cambios Constitucionales o de la Ley Org\u00e1nica&nbsp; Municipal.<\/p>\n\n\n\n<p>No es casual, que sin que sean elecciones, sean los diputados de Morena o m\u00e1s bien del Grupo Universidad como Montealegre, Baptista y Mayorga, los que le muevan al tema, buscando intervenir en el m\u00e9todo de selecci\u00f3n, porque conoci\u00e9ndolos, por su forma de actuar, ya se sabe que no dan paso sin huarache.<\/p>\n\n\n\n<p>Lo cierto es que esta responsabilidad de elegir o darle luz verde a los Concejos, le corresponde como base de la decisi\u00f3n a la Comisi\u00f3n de Gobernaci\u00f3n, que la componen Jos\u00e9 Luis Espinosa del PRI como Presidente; del PT C\u00e9sar Soto Llaguno; y tres de Morena: Victor Guerrero, Doralicia Mart\u00ednez y Susana \u00c1ngeles Quezada.<\/p>\n\n\n\n<p>Se pudiera pensar, que Morena impondr\u00e1 en la Comisi\u00f3n dict\u00e1menes porque son tres contra dos o contra uno, pero los hechos nos dicen que los tres de Morena son de Morena, no del agrup\u00f3 Universidad, y s\u00ed todo lo contrario, como es el caso de V\u00edctor Guerrero y de a Susana \u00c1ngeles, a quien las garzas tundieron con todo, y hasta desafuero le buscaron con el caso de la Transparencia.<\/p>\n\n\n\n<p>No va a ser f\u00e1cil.<\/p>\n\n\n\n<p>Se ve que le buscar\u00e1n influir con todo, empezando por fijar las reglas que les permitan meterle mano al proceso, y por eso sus iniciativas para que sean como la cadena que obligue a la Comisi\u00f3n a no poder caminar por otra senda, que no sea la que ellos digan.<\/p>\n\n\n\n<p>Hoy puede ser el d\u00eda en que se presenten&nbsp; las cosas y se tenga un agarr\u00f3n entre diputados por este caso.<\/p>\n\n\n\n<p>Se ve por d\u00f3nde quieren llevar las cosas.<\/p>\n\n\n\n<p>Quieren decidir ellos c\u00f3mo se deben elegir los concejales, para llevar agua a su molino.<\/p>\n\n\n\n<p>Si no los conociera uno&#8230; pero son de sobra conocidas sus ma\u00f1as.<\/p>\n\n\n\n<p>Veremos qu\u00e9 pasa hoy. Hay adelantos por lo que dijo Montealegre en su exigencia de que su Comisi\u00f3n de Legislaci\u00f3n, reciba la o las iniciativas para darle reglas al proceso.<\/p>\n\n\n\n<p><strong>Esto va a estar bueno. Que arranque la pelea.<\/strong><\/p>\n","protected":false},"excerpt":{"rendered":"<p>ARRANCA LA PELEA POR LOS CONCEJOS<\/p>\n","protected":false},"author":83,"featured_media":0,"comment_status":"closed","ping_status":"open","sticky":false,"template":"","format":"standard","meta":{"footnotes":""},"categories":[48,42],"tags":[],"class_list":["post-123618","post","type-post","status-publish","format-standard","hentry","category-adalberto-peralta","category-nuestrapalabra"],"_links":{"self":[{"href":"https:\/\/plazajuarez.mx\/historico\/wp-json\/wp\/v2\/posts\/123618","targetHints":{"allow":["GET"]}}],"collection":[{"href":"https:\/\/plazajuarez.mx\/historico\/wp-json\/wp\/v2\/posts"}],"about":[{"href":"https:\/\/plazajuarez.mx\/historico\/wp-json\/wp\/v2\/types\/post"}],"author":[{"embeddable":true,"href":"https:\/\/plazajuarez.mx\/historico\/wp-json\/wp\/v2\/users\/83"}],"replies":[{"embeddable":true,"href":"https:\/\/plazajuarez.mx\/historico\/wp-json\/wp\/v2\/comments?post=123618"}],"version-history":[{"count":0,"href":"https:\/\/plazajuarez.mx\/historico\/wp-json\/wp\/v2\/posts\/123618\/revisions"}],"wp:attachment":[{"href":"https:\/\/plazajuarez.mx\/historico\/wp-json\/wp\/v2\/media?parent=123618"}],"wp:term":[{"taxonomy":"category","embeddable":true,"href":"https:\/\/plazajuarez.mx\/historico\/wp-json\/wp\/v2\/categories?post=123618"},{"taxonomy":"post_tag","embeddable":true,"href":"https:\/\/plazajuarez.mx\/historico\/wp-json\/wp\/v2\/tags?post=123618"}],"curies":[{"name":"wp","href":"https:\/\/api.w.org\/{rel}","templated":true}]}}