{"id":123490,"date":"2020-07-12T06:58:54","date_gmt":"2020-07-12T11:58:54","guid":{"rendered":"https:\/\/plazajuarez.mx\/?p=123490"},"modified":"2020-07-12T06:59:08","modified_gmt":"2020-07-12T11:59:08","slug":"continuan-medidas-de-prevencion-de-covid-19","status":"publish","type":"post","link":"https:\/\/plazajuarez.mx\/historico\/continuan-medidas-de-prevencion-de-covid-19\/","title":{"rendered":"Contin\u00faan medidas de prevenci\u00f3n de Covid-19"},"content":{"rendered":"\n<ul class=\"wp-block-list\"><li><strong>Alcaldesa dio a conocer las acciones a acatar&nbsp;<\/strong><\/li><\/ul>\n\n\n\n<ul class=\"wp-block-list\"><li><strong>Seguir\u00e1n el cierre de espacios comunes y de esparcimientos en Santiago Tulantepec.<\/strong><\/li><\/ul>\n\n\n\n<!--more-->\n\n\n\n<p><strong> Santiago Tulantepec<\/strong>.- Con el objetivo de mantener informada a la comunidad santiaguense en el marco de la contingencia por el virus SARS CoV-2, Paola Jazm\u00edn Dom\u00ednguez Olmedo, presidenta municipal de Santiago Tulantepec, dio a conocer las medidas y acciones a acatar dentro el municipio durante la transici\u00f3n hacia sem\u00e1foro naranja dentro del sistema establecido por el Sector Salud.\u00a0<\/p>\n\n\n\n<p>A partir del lunes 13 de julio las actividades de todas las \u00e1reas de Presidencia Municipal reanudar\u00e1n su servicio presencial con el m\u00ednimo personal en un horario de 09:00 a 14:00 horas. Para acceder a las instalaciones es indispensable portar cubrebocas, tomar gel antibacterial disponible en las entradas; tomarse la temperatura con el especialista de la salud encargado de recibir a los ciudadanos y tomar turnos para entrar.<\/p>\n\n\n\n<p>La actual administraci\u00f3n continuar\u00e1 con el cierre temporal de los lugares de reuni\u00f3n a cargo del municipio hasta nuevo aviso, estos son: deportivo Jos\u00e9 Lugo Guerrero, Unidad Deportiva Conrado Muntane, los parques del Bosque, Bosques de Santiago, Bicentenario y San Isidro, los panteones \u201cEl Refugio\u201d y \u201cSan Jos\u00e9\u201d, Casa de Cultura \u201cAbundio \u00c1lvarez\u201d, Museo de Zazacuala y las bibliotecas municipales \u201cOctavio Paz\u201d en el Centro, \u201cMaura Zald\u00edvar Lira\u201d en Las Lajas, \u201cRoberto Osorio G\u00f3mez\u201d en Ventoquipa y \u201cSan Jos\u00e9\u201d en Habitacionales.&nbsp;<\/p>\n\n\n\n<p>Los sectores econ\u00f3micos considerados como no esenciales comenzar\u00e1n a reanudar de manera responsable y progresiva sus actividades, acatando las recomendaciones establecidas por el sector salud, tales como: favorecer el trabajo desde casa, no rebasar el 30% de la plantilla total del personal, usar cubrebocas y guantes de l\u00e1tex para atender, tener disponible gel antibacterial, poner un tapete a la entrada con agua e hipoclorito de sodio al 0.5% para la limpieza de las suelas de los zapatos, limpiar constantemente las \u00e1reas e instrumentos de trabajo, entre otros.<\/p>\n\n\n\n<p>Asimismo, establecimientos como restaurantes, hoteles, salones de belleza, gimnasios, peque\u00f1os comercios, templos religiosos y espacios p\u00fablicos podr\u00e1n tener un aforo no mayor al 30% de su capacidad, mientras que los bares, discotecas y centros recreativos continuar\u00e1n cerrados por disposici\u00f3n Federal y Estatal.&nbsp;<\/p>\n\n\n\n<p>Adem\u00e1s, bajo la estrategia \u201cPacto Operativo Escudo\u201d impulsada por Gobierno del Estado, aquellos comercios que cumplan con todas las medidas de prevenci\u00f3n de contagio recibir\u00e1n el \u201cCertificado Escudo\u201d, lo que le dar\u00e1 a la poblaci\u00f3n la seguridad de que est\u00e1n en un lugar de bajo riesgo. Tambi\u00e9n, continuar\u00e1 activo el Hoy No Circula dentro del municipio y de todo el estado.&nbsp;<\/p>\n\n\n\n<p>Dom\u00ednguez Olmedo pidi\u00f3 a cada santiaguense continuar con las medidas de salubridad en su d\u00eda a d\u00eda y no bajar la guardia, pues la contingencia no ha terminado y es de suma importancia colaborar para evitar el aumento de contagios dentro de Santiago Tulantepec.<\/p>\n","protected":false},"excerpt":{"rendered":"<p>Alcaldesa dio a conocer las acciones a acatar&nbsp; Seguir\u00e1n el cierre de espacios comunes y de esparcimientos en Santiago Tulantepec.<\/p>\n","protected":false},"author":70,"featured_media":0,"comment_status":"closed","ping_status":"open","sticky":false,"template":"","format":"standard","meta":{"footnotes":""},"categories":[40],"tags":[],"class_list":["post-123490","post","type-post","status-publish","format-standard","hentry","category-region"],"_links":{"self":[{"href":"https:\/\/plazajuarez.mx\/historico\/wp-json\/wp\/v2\/posts\/123490","targetHints":{"allow":["GET"]}}],"collection":[{"href":"https:\/\/plazajuarez.mx\/historico\/wp-json\/wp\/v2\/posts"}],"about":[{"href":"https:\/\/plazajuarez.mx\/historico\/wp-json\/wp\/v2\/types\/post"}],"author":[{"embeddable":true,"href":"https:\/\/plazajuarez.mx\/historico\/wp-json\/wp\/v2\/users\/70"}],"replies":[{"embeddable":true,"href":"https:\/\/plazajuarez.mx\/historico\/wp-json\/wp\/v2\/comments?post=123490"}],"version-history":[{"count":0,"href":"https:\/\/plazajuarez.mx\/historico\/wp-json\/wp\/v2\/posts\/123490\/revisions"}],"wp:attachment":[{"href":"https:\/\/plazajuarez.mx\/historico\/wp-json\/wp\/v2\/media?parent=123490"}],"wp:term":[{"taxonomy":"category","embeddable":true,"href":"https:\/\/plazajuarez.mx\/historico\/wp-json\/wp\/v2\/categories?post=123490"},{"taxonomy":"post_tag","embeddable":true,"href":"https:\/\/plazajuarez.mx\/historico\/wp-json\/wp\/v2\/tags?post=123490"}],"curies":[{"name":"wp","href":"https:\/\/api.w.org\/{rel}","templated":true}]}}