{"id":123486,"date":"2020-07-12T06:58:05","date_gmt":"2020-07-12T11:58:05","guid":{"rendered":"https:\/\/plazajuarez.mx\/?p=123486"},"modified":"2020-07-12T06:58:20","modified_gmt":"2020-07-12T11:58:20","slug":"se-quejan-de-arbitrariedades-del-comite-de-agua","status":"publish","type":"post","link":"https:\/\/plazajuarez.mx\/historico\/se-quejan-de-arbitrariedades-del-comite-de-agua\/","title":{"rendered":"Se quejan de arbitrariedades del Comit\u00e9 de Agua"},"content":{"rendered":"\n<ul class=\"wp-block-list\"><li><strong>Les han estado cobrando cantidades exageradas; dicen usuarios que es a causa de los medidores<\/strong><\/li><\/ul>\n\n\n\n<ul class=\"wp-block-list\"><li><strong>Decidieron quitar los medidores. Ahora los sancionan por haberlos quitado. Le quitan el agua a quien no las pague\u00a0<\/strong><\/li><\/ul>\n\n\n\n<!--more-->\n\n\n\n<p><strong>Santiago de Anaya<\/strong>.- El comit\u00e9 de agua potable, de la comunidad de El Palmar, contin\u00faa con medidas arbitrarias, denunciaron los usuarios, quienes han recibido sanciones diversas por haber retirado los medidores de sus tomas<\/p>\n\n\n\n<p>Como respuesta, por parte del comit\u00e9, a las acciones tomadas por los pobladores, se han comenzado a aplicar sanciones y quienes no paguen, les suspender\u00e1n el servicio, asimismo, para reconectarlos, deber\u00e1n pagar a\u00fan m\u00e1s dinero.&nbsp;<\/p>\n\n\n\n<p>Los usuarios, denunciaron, que el comit\u00e9 est\u00e1 violentando la ley, lo est\u00e1 haciendo de una manera en que se pasan por alto las propias tarifas autorizadas por el Congreso del Estado.&nbsp;<\/p>\n\n\n\n<p>Adem\u00e1s, ante la contingencia sanitaria, no se ha celebrado ninguna asamblea y eso impide que la disecci\u00f3n del tema sea abordado.&nbsp;<\/p>\n\n\n\n<p>Recientemente, los usuarios retiraron los medidores de sus tomas, lo hicieron como una medida de protesta por los altos cobros.&nbsp;<\/p>\n\n\n\n<p>Denunciaron, que estos cobros son exagerados e injustificados y que los&nbsp; medidores son la principal causa.&nbsp;<\/p>\n\n\n\n<p>Acusaron que el comit\u00e9 del agua potable se ha negado a conciliar y se han aplicado tarifas muy por encima de las autorizadas. Por ese motivo, decidieron retirar por su propia cuenta los medidores, sin embargo esta semana comenzaron a ser notificados de las sanciones.<\/p>\n","protected":false},"excerpt":{"rendered":"<p>Les han estado cobrando cantidades exageradas; dicen usuarios que es a causa de los medidores Decidieron quitar los medidores. Ahora los sancionan por haberlos quitado. Le quitan el agua a quien no las pague\u00a0<\/p>\n","protected":false},"author":75,"featured_media":0,"comment_status":"closed","ping_status":"open","sticky":false,"template":"","format":"standard","meta":{"footnotes":""},"categories":[40],"tags":[],"class_list":["post-123486","post","type-post","status-publish","format-standard","hentry","category-region"],"_links":{"self":[{"href":"https:\/\/plazajuarez.mx\/historico\/wp-json\/wp\/v2\/posts\/123486","targetHints":{"allow":["GET"]}}],"collection":[{"href":"https:\/\/plazajuarez.mx\/historico\/wp-json\/wp\/v2\/posts"}],"about":[{"href":"https:\/\/plazajuarez.mx\/historico\/wp-json\/wp\/v2\/types\/post"}],"author":[{"embeddable":true,"href":"https:\/\/plazajuarez.mx\/historico\/wp-json\/wp\/v2\/users\/75"}],"replies":[{"embeddable":true,"href":"https:\/\/plazajuarez.mx\/historico\/wp-json\/wp\/v2\/comments?post=123486"}],"version-history":[{"count":0,"href":"https:\/\/plazajuarez.mx\/historico\/wp-json\/wp\/v2\/posts\/123486\/revisions"}],"wp:attachment":[{"href":"https:\/\/plazajuarez.mx\/historico\/wp-json\/wp\/v2\/media?parent=123486"}],"wp:term":[{"taxonomy":"category","embeddable":true,"href":"https:\/\/plazajuarez.mx\/historico\/wp-json\/wp\/v2\/categories?post=123486"},{"taxonomy":"post_tag","embeddable":true,"href":"https:\/\/plazajuarez.mx\/historico\/wp-json\/wp\/v2\/tags?post=123486"}],"curies":[{"name":"wp","href":"https:\/\/api.w.org\/{rel}","templated":true}]}}