{"id":123473,"date":"2020-07-12T06:53:40","date_gmt":"2020-07-12T11:53:40","guid":{"rendered":"https:\/\/plazajuarez.mx\/?p=123473"},"modified":"2020-07-12T06:53:54","modified_gmt":"2020-07-12T11:53:54","slug":"reunion-autoridades-municipales-comerciantes","status":"publish","type":"post","link":"https:\/\/plazajuarez.mx\/historico\/reunion-autoridades-municipales-comerciantes\/","title":{"rendered":"Reuni\u00f3n autoridades municipales-comerciantes"},"content":{"rendered":"\n<ul class=\"wp-block-list\"><li><strong>\u00bfC\u00f3mo cuidar la salud propia y la de los clientes?<\/strong><\/li><\/ul>\n\n\n\n<ul class=\"wp-block-list\"><li><strong>Si se descuidan las medidas sanitarias tardar\u00e1 m\u00e1s la reactivaci\u00f3n econ\u00f3mica<\/strong><\/li><\/ul>\n\n\n\n<!--more-->\n\n\n\n<p><strong>Tepeji del R\u00edo<\/strong>.- Autoridades municipales y comerciantes se reunieron para evaluar la transici\u00f3n a sem\u00e1foro naranja y lograr acuerdos que permitan cuidar a la poblaci\u00f3n, pero al mismo tiempo seguir con la reactivaci\u00f3n econ\u00f3mica paulatina en este municipio del que una de las principales actividades econ\u00f3micas es el comercio.<\/p>\n\n\n\n<p>Dentro de los acuerdos logrados destacan la apertura del comercio de lunes a domingo con la restricci\u00f3n de horario que se ha estado manejando, as\u00ed como la atenci\u00f3n a comensales en los giros de alimentos con un 30% de aforo de acuerdo a la capacidad del establecimiento.<\/p>\n\n\n\n<p>Los gimnasios podr\u00e1n ofrecer sus servicios extremando las medidas de higiene y sanitizaci\u00f3n de sus instalaciones de igual manera con un 30% de capacidad respetando el horario establecido para el comercio no esencial.&nbsp;<\/p>\n\n\n\n<p>La venta de bebidas alcoh\u00f3licas continuar\u00e1 suspendida.&nbsp;<\/p>\n\n\n\n<p>Bares, cantinas y cervecer\u00edas permanecer\u00e1n cerrados.<\/p>\n\n\n\n<p>Los representantes del comercio reiteraron su compromiso de trabajar en coordinaci\u00f3n con las autoridades y reconocieron la disposici\u00f3n y voluntad del alcalde, Mois\u00e9s Ram\u00edrez Tapia de escucharlos y coordinar acciones para la protecci\u00f3n de la salud de la poblaci\u00f3n y la econom\u00eda y fuentes de empleos de las y los tepejanos.<\/p>\n","protected":false},"excerpt":{"rendered":"<p>\u00bfC\u00f3mo cuidar la salud propia y la de los clientes? Si se descuidan las medidas sanitarias tardar\u00e1 m\u00e1s la reactivaci\u00f3n econ\u00f3mica<\/p>\n","protected":false},"author":71,"featured_media":0,"comment_status":"closed","ping_status":"open","sticky":false,"template":"","format":"standard","meta":{"footnotes":""},"categories":[40],"tags":[],"class_list":["post-123473","post","type-post","status-publish","format-standard","hentry","category-region"],"_links":{"self":[{"href":"https:\/\/plazajuarez.mx\/historico\/wp-json\/wp\/v2\/posts\/123473","targetHints":{"allow":["GET"]}}],"collection":[{"href":"https:\/\/plazajuarez.mx\/historico\/wp-json\/wp\/v2\/posts"}],"about":[{"href":"https:\/\/plazajuarez.mx\/historico\/wp-json\/wp\/v2\/types\/post"}],"author":[{"embeddable":true,"href":"https:\/\/plazajuarez.mx\/historico\/wp-json\/wp\/v2\/users\/71"}],"replies":[{"embeddable":true,"href":"https:\/\/plazajuarez.mx\/historico\/wp-json\/wp\/v2\/comments?post=123473"}],"version-history":[{"count":0,"href":"https:\/\/plazajuarez.mx\/historico\/wp-json\/wp\/v2\/posts\/123473\/revisions"}],"wp:attachment":[{"href":"https:\/\/plazajuarez.mx\/historico\/wp-json\/wp\/v2\/media?parent=123473"}],"wp:term":[{"taxonomy":"category","embeddable":true,"href":"https:\/\/plazajuarez.mx\/historico\/wp-json\/wp\/v2\/categories?post=123473"},{"taxonomy":"post_tag","embeddable":true,"href":"https:\/\/plazajuarez.mx\/historico\/wp-json\/wp\/v2\/tags?post=123473"}],"curies":[{"name":"wp","href":"https:\/\/api.w.org\/{rel}","templated":true}]}}