{"id":123472,"date":"2020-07-12T06:52:55","date_gmt":"2020-07-12T11:52:55","guid":{"rendered":"https:\/\/plazajuarez.mx\/?p=123472"},"modified":"2020-07-12T06:53:10","modified_gmt":"2020-07-12T11:53:10","slug":"retomaran-programa-de-esterilizacion-canina-y-felina","status":"publish","type":"post","link":"https:\/\/plazajuarez.mx\/historico\/retomaran-programa-de-esterilizacion-canina-y-felina\/","title":{"rendered":"Retomar\u00e1n programa de esterilizaci\u00f3n canina y felina"},"content":{"rendered":"\n<ul class=\"wp-block-list\"><li><strong>Direcci\u00f3n de Sanidad en Tulancingo tiene una meta de atenci\u00f3n a 10 ejemplares por punto agendado<\/strong><\/li><\/ul>\n\n\n\n<ul class=\"wp-block-list\"><li><strong>Presentar\u00a0 animales sanos y limpios (no mojados), ayuno estricto de agua y alimentos con un m\u00ednimo de 10 a 12 horas.<\/strong><\/li><\/ul>\n\n\n\n<!--more-->\n\n\n\n<p><strong>Tulancingo<\/strong>.- En virtud de que la esterilizaci\u00f3n canina y felina est\u00e1 incluida en los cinco ejes del Reglamento de Protecci\u00f3n, Posesi\u00f3n y Control de Animales de Compa\u00f1\u00eda, la Secretar\u00eda de Desarrollo Humano y Social, a trav\u00e9s de la direcci\u00f3n de Sanidad municipal, retomar\u00e1 esta acci\u00f3n para frenar la proliferaci\u00f3n de ejemplares.<\/p>\n\n\n\n<p>As\u00ed lo inform\u00f3 P\u00edo Tom\u00e1s Marroqu\u00edn G\u00f3mez, director de Sanidad quien comparti\u00f3 la agenda de esterilizaciones correspondientes a julio.<\/p>\n\n\n\n<p>13 de julio en Jardines del Para\u00edso (calle Tulipanes 1355)&nbsp;<\/p>\n\n\n\n<p>14 de julio, en Parque la \u201cU\u201d Napateco&nbsp;<\/p>\n\n\n\n<p>20 de julio en La Lagunilla,&nbsp;<\/p>\n\n\n\n<p>27 en parque la \u201cU\u201d de Napateco&nbsp;&nbsp;<\/p>\n\n\n\n<p>28 de julio en haciendas de Napateco.<\/p>\n\n\n\n<p>El horario de servicio gratuito ser\u00e1 a partir de las 9:00 horas y las personas interesadas en llevar a su mascota al programa de esterilizaci\u00f3n deber\u00e1n cumplir algunos requisitos.<\/p>\n\n\n\n<p>Para propietarios, uso obligatorio de cubrebocas, un adulto por canino, respetar la sana distancia y acudir puntual a la hora asignada.<\/p>\n\n\n\n<p>Para mayor informaci\u00f3n, el tel\u00e9fono de contacto es 7558450 extensiones 1132 y 1141.<\/p>\n","protected":false},"excerpt":{"rendered":"<p>Direcci\u00f3n de Sanidad en Tulancingo tiene una meta de atenci\u00f3n a 10 ejemplares por punto agendado Presentar\u00a0 animales sanos y limpios (no mojados), ayuno estricto de agua y alimentos con un m\u00ednimo de 10 a 12 horas.<\/p>\n","protected":false},"author":93,"featured_media":0,"comment_status":"closed","ping_status":"open","sticky":false,"template":"","format":"standard","meta":{"footnotes":""},"categories":[40],"tags":[],"class_list":["post-123472","post","type-post","status-publish","format-standard","hentry","category-region"],"_links":{"self":[{"href":"https:\/\/plazajuarez.mx\/historico\/wp-json\/wp\/v2\/posts\/123472","targetHints":{"allow":["GET"]}}],"collection":[{"href":"https:\/\/plazajuarez.mx\/historico\/wp-json\/wp\/v2\/posts"}],"about":[{"href":"https:\/\/plazajuarez.mx\/historico\/wp-json\/wp\/v2\/types\/post"}],"author":[{"embeddable":true,"href":"https:\/\/plazajuarez.mx\/historico\/wp-json\/wp\/v2\/users\/93"}],"replies":[{"embeddable":true,"href":"https:\/\/plazajuarez.mx\/historico\/wp-json\/wp\/v2\/comments?post=123472"}],"version-history":[{"count":0,"href":"https:\/\/plazajuarez.mx\/historico\/wp-json\/wp\/v2\/posts\/123472\/revisions"}],"wp:attachment":[{"href":"https:\/\/plazajuarez.mx\/historico\/wp-json\/wp\/v2\/media?parent=123472"}],"wp:term":[{"taxonomy":"category","embeddable":true,"href":"https:\/\/plazajuarez.mx\/historico\/wp-json\/wp\/v2\/categories?post=123472"},{"taxonomy":"post_tag","embeddable":true,"href":"https:\/\/plazajuarez.mx\/historico\/wp-json\/wp\/v2\/tags?post=123472"}],"curies":[{"name":"wp","href":"https:\/\/api.w.org\/{rel}","templated":true}]}}