{"id":123462,"date":"2020-07-12T06:38:12","date_gmt":"2020-07-12T11:38:12","guid":{"rendered":"https:\/\/plazajuarez.mx\/?p=123462"},"modified":"2020-07-12T06:38:25","modified_gmt":"2020-07-12T11:38:25","slug":"doble-fondo","status":"publish","type":"post","link":"https:\/\/plazajuarez.mx\/historico\/doble-fondo\/","title":{"rendered":"Doble Fondo"},"content":{"rendered":"\n<h2 class=\"wp-block-heading\"><strong>El Superman de Ayotzinapa y la Barranca de la Carnicer\u00eda\u2026<\/strong><\/h2>\n\n\n\n<p><strong><em>Por: Juan Pablo Becerra-Acosta<\/em><\/strong><\/p>\n\n\n\n<!--more-->\n\n\n\n<p>El 13 de diciembre de 2014, dos meses y medio despu\u00e9s de la tr\u00e1gica noche del 26 y 27 de septiembre, cuando 43 j\u00f3venes estudiantes de Ayotzinapa fueron levantados y asesinados por polic\u00edas de Iguala, Cocula, Huitzuco, y sicarios de Guerreros Unidos, el reportero de EL UNIVERSAL, Dennis A. Garc\u00eda, fue a un lugar de elocuente nombre: La Barranca de la Carnicer\u00eda, ubicada a menos de dos kil\u00f3metros del Basurero de Cocula, seg\u00fan calcularon ese d\u00eda los gu\u00edas del periodista. Dennis lleg\u00f3 ah\u00ed con miembros de la Uni\u00f3n de Pueblos y Organizaciones del Estado de Guerrero (UPOEG), encabezados por Miguel \u00c1ngel Jim\u00e9nez Blanco, quien fue asesinado meses despu\u00e9s, el 9 de agosto de 2015, pero esa es otra historia: aquel d\u00eda, el reportero constat\u00f3 que, junto a una hoguera extinta, hab\u00eda restos de llantas\u2026 y huesos. Parec\u00edan ser fragmentos \u00f3seos humanos.<\/p>\n\n\n\n<p>La gente de la UPOEG dijo que seguramente eran de al menos uno de los estudiantes, y que ya hab\u00eda notificado los hechos a la Procuradur\u00eda General de la Rep\u00fablica (PGR). Dos d\u00edas m\u00e1s tarde, el 15 de diciembre, elementos de la PGR fueron al lugar para recoger los fragmentos y tiempo despu\u00e9s se dijo que no, que los restos no eran de los j\u00f3venes.<\/p>\n\n\n\n<p>Esta semana nos enteramos, porque as\u00ed lo inform\u00f3 Omar G\u00f3mez Trejo, titular de la Unidad Especial de Investigaci\u00f3n para el Caso Iguala de la Fiscal\u00eda General de la Rep\u00fablica (FGR), que hace unos meses, en noviembre de 2019, pr\u00e1cticamente cinco a\u00f1os despu\u00e9s de aquel hallazgo que presenci\u00f3 el reportero de EL UNIVERSAL\u2026 elementos de la FGR encontraron, ah\u00ed mismo, en la Barranca de la Carnicer\u00eda, a 800 metros del Basurero de Cocula, restos \u00f3seos, entre los cuales escogieron tres que eran aptos para ser enviados a la Universidad de Innsbruck, y result\u00f3 que desgraciadamente uno de ellos pertenec\u00eda a otro joven de Ayotzinapa: Christian Alfonso Rodr\u00edguez Telumbre, el Superman bailador (https:\/\/bit.ly\/2ZRkWy0). Qu\u00e9 dolor para su familia, porque de eso se trata esto: de la desgracia y la mutilaci\u00f3n familiar provocada por criminales y por delincuentes con placa.<\/p>\n\n\n\n<p>Tengo preguntas: \u00bfC\u00f3mo trabajaba la PGR de Jes\u00fas Murillo Karam y Tom\u00e1s Zer\u00f3n, que recogi\u00f3 restos en diciembre de 2014 en ese mismo lugar y dijo que no eran de ninguno de los estudiantes? \u00bfO los elementos de la PGR no los recogieron y fingieron que los recogieron? \u00bfO no hicieron pruebas y fingieron que las hicieron? \u00bfO s\u00ed tuvieron resultados positivos y los ocultaron, sin importarles la agon\u00eda de los familiares y amigos de Soncho, Sonchito, como tambi\u00e9n le dec\u00edan al joven de los botines blancos, con tal de sostener el 100% de su &#8220;verdad hist\u00f3rica&#8221;?<\/p>\n\n\n\n<p>Entrevisto a Santiago Aguirre, director del Centro Prodh, que acompa\u00f1a a los familiares de los estudiantes, y \u00e9l tiene sus respuestas:&nbsp; \u2014Fue negligente lo que hicieron, no explorar a cabalidad el lugar, y ahora habr\u00e1 que revisar aquellos restos encontrados en 2014 y que luego descart\u00f3 la PGR.<\/p>\n\n\n\n<p>\u2014En aquel entonces, cuando reportee en la zona, recog\u00ed testimonios de pobladores y polic\u00edas estatales que se\u00f1alaban varios puntos donde hab\u00eda restos humanos no solo de los estudiantes, sino de otros desaparecidos. Hoy, cinco a\u00f1os y medio despu\u00e9s, parece consolidarse esa teor\u00eda, la de que los restos de los j\u00f3venes fueron dispersados en diferentes lugares. Se lo comento a Aguirre y dice: &#8220;Eso se ajusta m\u00e1s al modus operandi de los grupos criminales en 2014, que ten\u00edan m\u00e9todos muy cruentos y que operaban en c\u00e9lulas. Es la hip\u00f3tesis que hemos escuchado y que hay que investigar: varios grupos y varios destinos&#8221;.&nbsp; Y ah\u00ed s\u00ed, adi\u00f3s para siempre a la verdad hist\u00f3rica, al menos en cuanto al Basurero de Cocula como escenario \u00fanico, tal como se perfilaba desde entonces, pero\u2026 insolentemente no quisieron indagar, m\u00e1s all\u00e1 de su manotazo.<\/p>\n","protected":false},"excerpt":{"rendered":"<p>El Superman de Ayotzinapa y la Barranca de la Carnicer\u00eda\u2026 Por: Juan Pablo Becerra-Acosta<\/p>\n","protected":false},"author":81,"featured_media":0,"comment_status":"closed","ping_status":"open","sticky":false,"template":"","format":"standard","meta":{"footnotes":""},"categories":[42],"tags":[],"class_list":["post-123462","post","type-post","status-publish","format-standard","hentry","category-nuestrapalabra"],"_links":{"self":[{"href":"https:\/\/plazajuarez.mx\/historico\/wp-json\/wp\/v2\/posts\/123462","targetHints":{"allow":["GET"]}}],"collection":[{"href":"https:\/\/plazajuarez.mx\/historico\/wp-json\/wp\/v2\/posts"}],"about":[{"href":"https:\/\/plazajuarez.mx\/historico\/wp-json\/wp\/v2\/types\/post"}],"author":[{"embeddable":true,"href":"https:\/\/plazajuarez.mx\/historico\/wp-json\/wp\/v2\/users\/81"}],"replies":[{"embeddable":true,"href":"https:\/\/plazajuarez.mx\/historico\/wp-json\/wp\/v2\/comments?post=123462"}],"version-history":[{"count":0,"href":"https:\/\/plazajuarez.mx\/historico\/wp-json\/wp\/v2\/posts\/123462\/revisions"}],"wp:attachment":[{"href":"https:\/\/plazajuarez.mx\/historico\/wp-json\/wp\/v2\/media?parent=123462"}],"wp:term":[{"taxonomy":"category","embeddable":true,"href":"https:\/\/plazajuarez.mx\/historico\/wp-json\/wp\/v2\/categories?post=123462"},{"taxonomy":"post_tag","embeddable":true,"href":"https:\/\/plazajuarez.mx\/historico\/wp-json\/wp\/v2\/tags?post=123462"}],"curies":[{"name":"wp","href":"https:\/\/api.w.org\/{rel}","templated":true}]}}