{"id":123461,"date":"2020-07-12T06:49:04","date_gmt":"2020-07-12T11:49:04","guid":{"rendered":"https:\/\/plazajuarez.mx\/?p=123461"},"modified":"2020-07-12T06:49:15","modified_gmt":"2020-07-12T11:49:15","slug":"podran-reabrir-la-mayoria-de-comercios","status":"publish","type":"post","link":"https:\/\/plazajuarez.mx\/historico\/podran-reabrir-la-mayoria-de-comercios\/","title":{"rendered":"Podr\u00e1n reabrir la mayor\u00eda de comercios"},"content":{"rendered":"\n<ul class=\"wp-block-list\"><li><strong>Cambio a sem\u00e1foro naranja<\/strong><\/li><\/ul>\n\n\n\n<!--more-->\n\n\n\n<p><strong>Apan<\/strong>.- Ante el cambio de sem\u00e1foro sanitario a color naranja, la direcci\u00f3n de Sanidad Municipal emiti\u00f3 un comunicado para informar las actividades comerciales que podr\u00e1n reanudar su funcionamiento.<\/p>\n\n\n\n<p>Antonio de Jes\u00fas Granillo, titular de Sanidad Municipal de Apan, dio a conocer las nuevas medidas de sanidad para el regreso gradual y paulatino a la \u201cNueva Normalidad\u201d, en esta emergencia sanitaria.<\/p>\n\n\n\n<p>Las&nbsp; actividades comerciales que podr\u00e1n reactivarse son: manufactura, y comercio de productos no esenciales (textil, ropa, calzado, joyer\u00eda, tiendas de regalos, boneter\u00edas, etc\u00e9tera); servicios jur\u00eddicos (notar\u00edas), despachos de abogados.<\/p>\n\n\n\n<p>Servicios profesionales cient\u00edficos y t\u00e9cnicos (contadur\u00eda, arquitectura, publicidad, investigaci\u00f3n cient\u00edfica, similares, tr\u00e1mites y servicios de gobierno), servicios inmobiliarios y de alquiler de bienes muebles e intangibles, incluye venta de veh\u00edculos, Servicios de hospedaje, Corporativos y oficinas de servicios privados, Est\u00e9ticas, barber\u00edas, spa o similares.<\/p>\n\n\n\n<p>Asimismo, podr\u00e1n retomar sus actividades balnearios, servicios religiosos, plazas comerciales, servicios de esparcimiento, culturales, deportivos y recreativos en espacios abiertos, gimnasios, cines, teatros, foros y centros de convenciones.<\/p>\n\n\n\n<p>El titular de Sanidad Municipal, tambi\u00e9n se\u00f1al\u00f3 que otras de las actividades que reabrir\u00e1n (con un aforo del 50 por ciento) son los servicios de transporte de pasajeros, convencional y masivo.<\/p>\n\n\n\n<p>Las actividades que se mantienen suspendidas, son los Centros educativos, antros, centros nocturnos, bares, casas de juego y similares.<\/p>\n\n\n\n<p>El responsable de Sanidad Municipal dijo que ha sido una prioridad el trabajo en coordinaci\u00f3n entre los tres \u00f3rdenes de gobierno, desde que se declar\u00f3 esta emergencia sanitaria, buscando el esfuerzo conjunto, para implementar diversas acciones estrat\u00e9gicas que contribuyan a contener la propagaci\u00f3n de esta enfermedad.<\/p>\n\n\n\n<p>\u201cHoy estamos ante la posibilidad de retomar las labores cotidianas, con la reapertura de las actividades sociales y econ\u00f3micas, basado en un sistema de sem\u00e1foro sanitario, para evaluar semanalmente el riesgo epidemiol\u00f3gico, adem\u00e1s de establecer acciones extraordinarias\u201d.<\/p>\n","protected":false},"excerpt":{"rendered":"<p>Cambio a sem\u00e1foro naranja<\/p>\n","protected":false},"author":69,"featured_media":0,"comment_status":"closed","ping_status":"open","sticky":false,"template":"","format":"standard","meta":{"footnotes":""},"categories":[40],"tags":[],"class_list":["post-123461","post","type-post","status-publish","format-standard","hentry","category-region"],"_links":{"self":[{"href":"https:\/\/plazajuarez.mx\/historico\/wp-json\/wp\/v2\/posts\/123461","targetHints":{"allow":["GET"]}}],"collection":[{"href":"https:\/\/plazajuarez.mx\/historico\/wp-json\/wp\/v2\/posts"}],"about":[{"href":"https:\/\/plazajuarez.mx\/historico\/wp-json\/wp\/v2\/types\/post"}],"author":[{"embeddable":true,"href":"https:\/\/plazajuarez.mx\/historico\/wp-json\/wp\/v2\/users\/69"}],"replies":[{"embeddable":true,"href":"https:\/\/plazajuarez.mx\/historico\/wp-json\/wp\/v2\/comments?post=123461"}],"version-history":[{"count":0,"href":"https:\/\/plazajuarez.mx\/historico\/wp-json\/wp\/v2\/posts\/123461\/revisions"}],"wp:attachment":[{"href":"https:\/\/plazajuarez.mx\/historico\/wp-json\/wp\/v2\/media?parent=123461"}],"wp:term":[{"taxonomy":"category","embeddable":true,"href":"https:\/\/plazajuarez.mx\/historico\/wp-json\/wp\/v2\/categories?post=123461"},{"taxonomy":"post_tag","embeddable":true,"href":"https:\/\/plazajuarez.mx\/historico\/wp-json\/wp\/v2\/tags?post=123461"}],"curies":[{"name":"wp","href":"https:\/\/api.w.org\/{rel}","templated":true}]}}