{"id":123448,"date":"2020-07-12T06:27:45","date_gmt":"2020-07-12T11:27:45","guid":{"rendered":"https:\/\/plazajuarez.mx\/?p=123448"},"modified":"2020-07-12T06:27:56","modified_gmt":"2020-07-12T11:27:56","slug":"buscan-tianguistas-no-ser-removidos","status":"publish","type":"post","link":"https:\/\/plazajuarez.mx\/historico\/buscan-tianguistas-no-ser-removidos\/","title":{"rendered":"Buscan tianguistas no ser removidos"},"content":{"rendered":"\n<ul class=\"wp-block-list\"><li><strong>Mayka Ortega Eguiluz llam\u00f3 al di\u00e1logo para lograr acuerdos con los comerciantes del tradicional tianguis de Apan<\/strong><\/li><\/ul>\n\n\n\n<!--more-->\n\n\n\n<p>Luego de que tianguistas del municipio de Apan, manifestaron su inconformidad despu\u00e9s de que al ayuntamiento presuntamente aprovechara la ocasi\u00f3n de la contingencia sanitaria provocada por el Covid-19,&nbsp; para removerlos del centro de la ciudad a un costado del recinto ferial, ubicado a cuatro kil\u00f3metros de distancia del actual punto de venta, el tema lleg\u00f3 al Congreso local y fue retomado por la diputada del Partido Revolucionario Institucional (PRI), Mayka Ortega Eguiluz.<\/p>\n\n\n\n<p>La legisladora se\u00f1al\u00f3 que \u201ctanto los ciudadanos, como los tianguistas y los comerciantes establecidos del centro de Apan, se cuestionan sobre las razones para dictar tal medida, siendo que ellos siempre han cumplido y respetado, con paciencia y atenci\u00f3n, las instrucciones sanitarias, lo que se comprueba con los reducidos n\u00fameros de la enfermedad en el municipio de Apan\u201d.<\/p>\n\n\n\n<p>Y agreg\u00f3 que ni el ayuntamiento ni las autoridades sanitarias han expuesto las razones congruentes para tomar tal medida de cambio de lugar del tianguis: \u201cen lugar de respuestas, ha sido dada, con mucho rigor, una instrucci\u00f3n unilateral, sin consenso con los afectados, sin an\u00e1lisis ni evaluaci\u00f3n de las consecuencias ni desventajas para los participantes en el comercio local, compradores y vendedores\u201d.<\/p>\n\n\n\n<p>De igual forma expuso que \u201cen vez de pl\u00e1ticas y acuerdos, se han perfilado amenazas de cambiar la estrategia comercial y de abasto en el municipio, con o sin los tradicionales tianguistas, quienes han participado por m\u00e1s de 40 a\u00f1os en esta actividad en Apan\u201d.<\/p>\n\n\n\n<p>\u201cExhortamos a la Secretar\u00eda de Gobierno y a la Secretar\u00eda de Salud del Gobierno del Estado de Hidalgo, para que lleven a cabo, de manera coordinada con las autoridades municipales de Apan y los tianguistas del mi\u00e9rcoles y comerciantes fijos establecidos en la cabecera municipal, una mesa de trabajo, de di\u00e1logo y de soluciones que a todos convengan, en el marco de la crisis sanitaria vigente y del fin de la presente administraci\u00f3n municipal\u201d, concluy\u00f3.&nbsp;<\/p>\n","protected":false},"excerpt":{"rendered":"<p>Mayka Ortega Eguiluz llam\u00f3 al di\u00e1logo para lograr acuerdos con los comerciantes del tradicional tianguis de Apan<\/p>\n","protected":false},"author":72,"featured_media":0,"comment_status":"closed","ping_status":"open","sticky":false,"template":"","format":"standard","meta":{"footnotes":""},"categories":[59],"tags":[],"class_list":["post-123448","post","type-post","status-publish","format-standard","hentry","category-general"],"_links":{"self":[{"href":"https:\/\/plazajuarez.mx\/historico\/wp-json\/wp\/v2\/posts\/123448","targetHints":{"allow":["GET"]}}],"collection":[{"href":"https:\/\/plazajuarez.mx\/historico\/wp-json\/wp\/v2\/posts"}],"about":[{"href":"https:\/\/plazajuarez.mx\/historico\/wp-json\/wp\/v2\/types\/post"}],"author":[{"embeddable":true,"href":"https:\/\/plazajuarez.mx\/historico\/wp-json\/wp\/v2\/users\/72"}],"replies":[{"embeddable":true,"href":"https:\/\/plazajuarez.mx\/historico\/wp-json\/wp\/v2\/comments?post=123448"}],"version-history":[{"count":0,"href":"https:\/\/plazajuarez.mx\/historico\/wp-json\/wp\/v2\/posts\/123448\/revisions"}],"wp:attachment":[{"href":"https:\/\/plazajuarez.mx\/historico\/wp-json\/wp\/v2\/media?parent=123448"}],"wp:term":[{"taxonomy":"category","embeddable":true,"href":"https:\/\/plazajuarez.mx\/historico\/wp-json\/wp\/v2\/categories?post=123448"},{"taxonomy":"post_tag","embeddable":true,"href":"https:\/\/plazajuarez.mx\/historico\/wp-json\/wp\/v2\/tags?post=123448"}],"curies":[{"name":"wp","href":"https:\/\/api.w.org\/{rel}","templated":true}]}}