{"id":123447,"date":"2020-07-12T06:26:04","date_gmt":"2020-07-12T11:26:04","guid":{"rendered":"https:\/\/plazajuarez.mx\/?p=123447"},"modified":"2020-07-12T06:26:15","modified_gmt":"2020-07-12T11:26:15","slug":"realizo-la-upt-entrega-virtual-de-titulos-profesionales","status":"publish","type":"post","link":"https:\/\/plazajuarez.mx\/historico\/realizo-la-upt-entrega-virtual-de-titulos-profesionales\/","title":{"rendered":"Realiz\u00f3 la UPT entrega virtual de t\u00edtulos profesionales"},"content":{"rendered":"\n<ul class=\"wp-block-list\"><li><strong>Es la primera vez que se lleva a cabo la ceremonia de esta manera<\/strong><\/li><\/ul>\n\n\n\n<!--more-->\n\n\n\n<p>La Universidad Polit\u00e9cnica de Tulancingo (UPT) realiz\u00f3 por primera vez la entrega de manera virtual, de t\u00edtulos profesionales, esto con el objetivo de cumplir con los tiempos establecidos en la entrega de documentaci\u00f3n oficial a quienes acaban de egresar de la instituci\u00f3n educativa, para poder insertarse en la vida laboral.<\/p>\n\n\n\n<p>Cabe destacar que en la entrega virtual, realizada mediante la plataforma digital Zoom, estuvieron presentes el titular de la Secretar\u00eda de Educaci\u00f3n P\u00fablica de Hidalgo (SEPH), Atilano Rodr\u00edguez P\u00e9rez, el rector de la UPT, Arturo Gil Borja, as\u00ed como el subsecretario de educaci\u00f3n media superior y superior, Juan Benito Ram\u00edrez Romero, entre otros funcionarios.<\/p>\n\n\n\n<p>El n\u00famero de t\u00edtulos entregados durante la ceremonia fue de 297 de licenciatura y posgrado. Dicha entrega se realiz\u00f3 en cuatro sesiones, inform\u00f3 la casa de estudios de Tulancingo.<\/p>\n\n\n\n<p>El titular de la SEPH dijo que a trav\u00e9s del gobierno del estado, brindan a la comunidad estudiantil oportunidades de desarrollo, adem\u00e1s del impulso que le ha dado a las y los j\u00f3venes hidalguenses en materia educativa.<\/p>\n","protected":false},"excerpt":{"rendered":"<p>Es la primera vez que se lleva a cabo la ceremonia de esta manera<\/p>\n","protected":false},"author":93,"featured_media":0,"comment_status":"closed","ping_status":"open","sticky":false,"template":"","format":"standard","meta":{"footnotes":""},"categories":[59],"tags":[],"class_list":["post-123447","post","type-post","status-publish","format-standard","hentry","category-general"],"_links":{"self":[{"href":"https:\/\/plazajuarez.mx\/historico\/wp-json\/wp\/v2\/posts\/123447","targetHints":{"allow":["GET"]}}],"collection":[{"href":"https:\/\/plazajuarez.mx\/historico\/wp-json\/wp\/v2\/posts"}],"about":[{"href":"https:\/\/plazajuarez.mx\/historico\/wp-json\/wp\/v2\/types\/post"}],"author":[{"embeddable":true,"href":"https:\/\/plazajuarez.mx\/historico\/wp-json\/wp\/v2\/users\/93"}],"replies":[{"embeddable":true,"href":"https:\/\/plazajuarez.mx\/historico\/wp-json\/wp\/v2\/comments?post=123447"}],"version-history":[{"count":0,"href":"https:\/\/plazajuarez.mx\/historico\/wp-json\/wp\/v2\/posts\/123447\/revisions"}],"wp:attachment":[{"href":"https:\/\/plazajuarez.mx\/historico\/wp-json\/wp\/v2\/media?parent=123447"}],"wp:term":[{"taxonomy":"category","embeddable":true,"href":"https:\/\/plazajuarez.mx\/historico\/wp-json\/wp\/v2\/categories?post=123447"},{"taxonomy":"post_tag","embeddable":true,"href":"https:\/\/plazajuarez.mx\/historico\/wp-json\/wp\/v2\/tags?post=123447"}],"curies":[{"name":"wp","href":"https:\/\/api.w.org\/{rel}","templated":true}]}}