{"id":123143,"date":"2020-07-10T06:47:37","date_gmt":"2020-07-10T11:47:37","guid":{"rendered":"https:\/\/plazajuarez.mx\/?p=123143"},"modified":"2020-07-10T06:47:55","modified_gmt":"2020-07-10T11:47:55","slug":"autobiografia-sin-filtros","status":"publish","type":"post","link":"https:\/\/plazajuarez.mx\/historico\/autobiografia-sin-filtros\/","title":{"rendered":"Autobiograf\u00eda \u201csin filtros\u201d"},"content":{"rendered":"\n<ul class=\"wp-block-list\"><li><strong>&#8220;El libro est\u00e1 compuesto de mis memorias, mis fallos, mis luchas, mi supervivencia y mis canciones\u201d<\/strong><\/li><\/ul>\n\n\n\n<!--more-->\n\n\n\n<p>La cantante Mariah Carey revelar\u00e1 los detalles de su vida en la autobiograf\u00eda &#8220;The Meaning of Mariah Carey&#8221; (&#8220;El significado de Mariah Carey&#8221;), que saldr\u00e1 a la luz el pr\u00f3ximo 29 de septiembre, y con el que sus seguidores podr\u00e1n conocer los pormenores de su exitosa carrera musical y su lado m\u00e1s personal.<\/p>\n\n\n\n<p>&#8220;El libro est\u00e1 compuesto de mis memorias, mis fallos, mis luchas, mi supervivencia y mis canciones. Sin filtros&#8221;, dijo Carey en las redes sociales.<\/p>\n\n\n\n<p>Escrito por la propia artista y por Michaela Angela Davis, el libro saldr\u00e1 tanto en formato f\u00edsico, de mano de la editorial Andy Cohen Books, como en formato audio con la voz de la cantante en &#8220;Audible&#8221;, en la que adem\u00e1s de su narraci\u00f3n de intercalar\u00e1n elementos musicales.<\/p>\n\n\n\n<p>El libro detallar\u00e1 el trayecto de Carey desde su ni\u00f1ez hasta su llegada al estrellato, adem\u00e1s de zambullirse en los rumores que sobre ella se han difundido en los medios, incluyendo batallas por el poder, abuso emocional, momentos bochornosos, fracasos y victorias.<\/p>\n\n\n\n<p>Repasar\u00e1 adem\u00e1s su recorrido por la m\u00fasica como una de las cantantes que m\u00e1s discos ha vendido en el mundo y una de las pocas que ha escrito casi todas sus canciones.<\/p>\n\n\n\n<p>&#8220;Escribir esta autobiograf\u00eda fue incre\u00edblemente duro&#8221;, agreg\u00f3 la responsable de &#8220;Honey&#8221;.<\/p>\n\n\n\n<p>&#8220;Espero sinceramente que traiga un nuevo entendimiento, no s\u00f3lo sobre m\u00ed, sino tambi\u00e9n sobre la resiliencia del esp\u00edritu humano&#8221;, subray\u00f3.<\/p>\n\n\n\n<p>Carey, de 50 a\u00f1os, se convirti\u00f3 recientemente en la \u00fanica artista de la historia en tener una de sus canciones en lo alto de la lista de \u00e9xitos Billboard Hot 100 durante cuatro d\u00e9cadas distintas despu\u00e9s de que su &#8220;All I Want for Christmas is You&#8221; alcanzara el n\u00famero uno en un resurgimiento de la popular canci\u00f3n, algo que se produjo casi 25 a\u00f1os despu\u00e9s de lanzarla.<\/p>\n","protected":false},"excerpt":{"rendered":"<p>&#8220;El libro est\u00e1 compuesto de mis memorias, mis fallos, mis luchas, mi supervivencia y mis canciones\u201d<\/p>\n","protected":false},"author":80,"featured_media":0,"comment_status":"closed","ping_status":"open","sticky":false,"template":"","format":"standard","meta":{"footnotes":""},"categories":[38],"tags":[],"class_list":["post-123143","post","type-post","status-publish","format-standard","hentry","category-show"],"_links":{"self":[{"href":"https:\/\/plazajuarez.mx\/historico\/wp-json\/wp\/v2\/posts\/123143","targetHints":{"allow":["GET"]}}],"collection":[{"href":"https:\/\/plazajuarez.mx\/historico\/wp-json\/wp\/v2\/posts"}],"about":[{"href":"https:\/\/plazajuarez.mx\/historico\/wp-json\/wp\/v2\/types\/post"}],"author":[{"embeddable":true,"href":"https:\/\/plazajuarez.mx\/historico\/wp-json\/wp\/v2\/users\/80"}],"replies":[{"embeddable":true,"href":"https:\/\/plazajuarez.mx\/historico\/wp-json\/wp\/v2\/comments?post=123143"}],"version-history":[{"count":0,"href":"https:\/\/plazajuarez.mx\/historico\/wp-json\/wp\/v2\/posts\/123143\/revisions"}],"wp:attachment":[{"href":"https:\/\/plazajuarez.mx\/historico\/wp-json\/wp\/v2\/media?parent=123143"}],"wp:term":[{"taxonomy":"category","embeddable":true,"href":"https:\/\/plazajuarez.mx\/historico\/wp-json\/wp\/v2\/categories?post=123143"},{"taxonomy":"post_tag","embeddable":true,"href":"https:\/\/plazajuarez.mx\/historico\/wp-json\/wp\/v2\/tags?post=123143"}],"curies":[{"name":"wp","href":"https:\/\/api.w.org\/{rel}","templated":true}]}}