{"id":122970,"date":"2020-07-09T06:31:05","date_gmt":"2020-07-09T11:31:05","guid":{"rendered":"https:\/\/plazajuarez.mx\/?p=122970"},"modified":"2020-07-09T06:31:18","modified_gmt":"2020-07-09T11:31:18","slug":"trujillo-siempre-fue-presidente-de-canaco-espinola","status":"publish","type":"post","link":"https:\/\/plazajuarez.mx\/historico\/trujillo-siempre-fue-presidente-de-canaco-espinola\/","title":{"rendered":"Trujillo siempre fue presidente de Canaco: Esp\u00ednola"},"content":{"rendered":"\n<ul class=\"wp-block-list\"><li><strong>Conf\u00eda en que las autoridades puedan resolver esta controversia para que la c\u00e1mara opere con normalidad<\/strong><\/li><\/ul>\n\n\n\n<!--more-->\n\n\n\n<p>A ra\u00edz de la controversia entre Sergio Trujillo Monroy y Carlos Ham Mej\u00eda por la presidencia de la C\u00e1mara Nacional de Comercio, Servicios y Turismo de Pachuca (Canaco Servytur), el presidente del Consejo Coordinador Empresarial de Hidalgo (CCEH), Edgar Esp\u00ednola Licona, opin\u00f3 al respecto, y declar\u00f3 que Trujillo siempre fue el dirigente del comercio establecido.&nbsp;<\/p>\n\n\n\n<p>Derivado de todo el proceso que termin\u00f3 con el aseguramiento de la sede de la Canaco Pachuca por parte de las autoridades estatales, el representante empresarial declar\u00f3 que desde el CCEH siempre ha velado por la legalidad, y que las acciones registradas el pasado s\u00e1bado fue tan solo el inicio representa el primer paso para los comerciantes de Pachuca y sus alrededores.&nbsp;<\/p>\n\n\n\n<p>Enfatiz\u00f3 que desde un inicio se consider\u00f3 a Sergio Trujillo como el presidente de la Canaco Pachuca, ya que explic\u00f3 que fue la decisi\u00f3n de los afiliados y de todo el gremio el que permiti\u00f3 que \u00e9l fuera ratificado por un segundo a\u00f1o de gesti\u00f3n, toda vez que estuvo al frente de la c\u00e1mara en el periodo 2019-2020.<\/p>\n\n\n\n<p>Afirm\u00f3 que fue en la asamblea del consejo directivo de la Canaco Pachuca en la que se defini\u00f3 que Trujillo Monroy, y que de acuerdo con los estatutos del CCEH, es oficialmente el dirigente de la c\u00e1mara, una vez que entreg\u00f3 ante este organismo los documentos que lo acreditaron como tal.&nbsp;<\/p>\n\n\n\n<p>No obstante, declar\u00f3 que, a pesar de que dentro del CCEH existe el reconocimiento como tal, el procedimiento legal en que est\u00e1 inmersa la c\u00e1mara definir\u00e1 quien de los dos implicados es el que tiene legalmente las facultades para dirigir los trabajos al interior de la Canaco, incluso m\u00e1s all\u00e1 de la designaci\u00f3n que se hizo en el mes de marzo.&nbsp;<\/p>\n\n\n\n<p>Apunt\u00f3 que, en todo caso, ser\u00e1 la Procuradur\u00eda General de Justicia del Estado de Hidalgo (PGJEH) la encargada de dar los resultados y determine las acciones a realizar, ya sea para sancionar o para conciliar este problema,&nbsp;<\/p>\n\n\n\n<p><\/p>\n\n\n\n<p><\/p>\n","protected":false},"excerpt":{"rendered":"<p>Conf\u00eda en que las autoridades puedan resolver esta controversia para que la c\u00e1mara opere con normalidad<\/p>\n","protected":false},"author":93,"featured_media":0,"comment_status":"closed","ping_status":"open","sticky":false,"template":"","format":"standard","meta":{"footnotes":""},"categories":[59],"tags":[],"class_list":["post-122970","post","type-post","status-publish","format-standard","hentry","category-general"],"_links":{"self":[{"href":"https:\/\/plazajuarez.mx\/historico\/wp-json\/wp\/v2\/posts\/122970","targetHints":{"allow":["GET"]}}],"collection":[{"href":"https:\/\/plazajuarez.mx\/historico\/wp-json\/wp\/v2\/posts"}],"about":[{"href":"https:\/\/plazajuarez.mx\/historico\/wp-json\/wp\/v2\/types\/post"}],"author":[{"embeddable":true,"href":"https:\/\/plazajuarez.mx\/historico\/wp-json\/wp\/v2\/users\/93"}],"replies":[{"embeddable":true,"href":"https:\/\/plazajuarez.mx\/historico\/wp-json\/wp\/v2\/comments?post=122970"}],"version-history":[{"count":0,"href":"https:\/\/plazajuarez.mx\/historico\/wp-json\/wp\/v2\/posts\/122970\/revisions"}],"wp:attachment":[{"href":"https:\/\/plazajuarez.mx\/historico\/wp-json\/wp\/v2\/media?parent=122970"}],"wp:term":[{"taxonomy":"category","embeddable":true,"href":"https:\/\/plazajuarez.mx\/historico\/wp-json\/wp\/v2\/categories?post=122970"},{"taxonomy":"post_tag","embeddable":true,"href":"https:\/\/plazajuarez.mx\/historico\/wp-json\/wp\/v2\/tags?post=122970"}],"curies":[{"name":"wp","href":"https:\/\/api.w.org\/{rel}","templated":true}]}}