{"id":122965,"date":"2020-07-09T06:31:57","date_gmt":"2020-07-09T11:31:57","guid":{"rendered":"https:\/\/plazajuarez.mx\/?p=122965"},"modified":"2020-07-09T06:32:11","modified_gmt":"2020-07-09T11:32:11","slug":"pt-hidalgo-a-favor-de-visita-de-amlo-a-la-union-americana","status":"publish","type":"post","link":"https:\/\/plazajuarez.mx\/historico\/pt-hidalgo-a-favor-de-visita-de-amlo-a-la-union-americana\/","title":{"rendered":"PT Hidalgo, a favor de visita de AMLO a la Uni\u00f3n Americana"},"content":{"rendered":"\n<ul class=\"wp-block-list\"><li><strong>Asunto diplom\u00e1tico que ser\u00e1 muy importante para revitalizar la econom\u00eda y la inversi\u00f3n de M\u00e9xico<\/strong><\/li><\/ul>\n\n\n\n<!--more-->\n\n\n\n<p>Ante la visita del presidente Andr\u00e9s Manuel L\u00f3pez Obrador (AMLO) a Estados Unidos, para reunirse con su hom\u00f3logo estadunidense Donald Trump, el ocho y nueve de julio del presente a\u00f1o, el Partido del Trabajo (PT) en Hidalgo, se\u00f1al\u00f3 que el encuentro es un asunto diplom\u00e1tico que ser\u00e1 muy importante para revitalizar la econom\u00eda y la inversi\u00f3n de M\u00e9xico, con lo que se espera establecer una relaci\u00f3n bilateral fraterna y de respeto.&nbsp;<\/p>\n\n\n\n<p>\u201cEl Partido del Trabajo respalda ampliamente al presidente de M\u00e9xico, Andr\u00e9s Manuel L\u00f3pez Obrador en su visita diplom\u00e1tica a Washington, ante la entrada en vigor del T-MEC, y es importante que en esta primera reuni\u00f3n tambi\u00e9n se abordan temas prioritarios para M\u00e9xico como la migraci\u00f3n, el muro fronterizo y el tr\u00e1fico de armas\u201d se\u00f1al\u00f3 el instituto pol\u00edtico.&nbsp;<\/p>\n\n\n\n<p>As\u00ed mismo, el partido alineado a los ideales de AMLO, destac\u00f3 que se espera que en la reuni\u00f3n se exponga la situaci\u00f3n de la migraci\u00f3n y el maltrato del que son objeto por parte de las autoridades norteamericanas, \u201ces necesario que se respeten los derechos humanos, de nuestros connacionales y que sobre todo, no exista la violencia racial\u201d.&nbsp;<\/p>\n","protected":false},"excerpt":{"rendered":"<p>Asunto diplom\u00e1tico que ser\u00e1 muy importante para revitalizar la econom\u00eda y la inversi\u00f3n de M\u00e9xico<\/p>\n","protected":false},"author":93,"featured_media":0,"comment_status":"closed","ping_status":"open","sticky":false,"template":"","format":"standard","meta":{"footnotes":""},"categories":[59],"tags":[],"class_list":["post-122965","post","type-post","status-publish","format-standard","hentry","category-general"],"_links":{"self":[{"href":"https:\/\/plazajuarez.mx\/historico\/wp-json\/wp\/v2\/posts\/122965","targetHints":{"allow":["GET"]}}],"collection":[{"href":"https:\/\/plazajuarez.mx\/historico\/wp-json\/wp\/v2\/posts"}],"about":[{"href":"https:\/\/plazajuarez.mx\/historico\/wp-json\/wp\/v2\/types\/post"}],"author":[{"embeddable":true,"href":"https:\/\/plazajuarez.mx\/historico\/wp-json\/wp\/v2\/users\/93"}],"replies":[{"embeddable":true,"href":"https:\/\/plazajuarez.mx\/historico\/wp-json\/wp\/v2\/comments?post=122965"}],"version-history":[{"count":0,"href":"https:\/\/plazajuarez.mx\/historico\/wp-json\/wp\/v2\/posts\/122965\/revisions"}],"wp:attachment":[{"href":"https:\/\/plazajuarez.mx\/historico\/wp-json\/wp\/v2\/media?parent=122965"}],"wp:term":[{"taxonomy":"category","embeddable":true,"href":"https:\/\/plazajuarez.mx\/historico\/wp-json\/wp\/v2\/categories?post=122965"},{"taxonomy":"post_tag","embeddable":true,"href":"https:\/\/plazajuarez.mx\/historico\/wp-json\/wp\/v2\/tags?post=122965"}],"curies":[{"name":"wp","href":"https:\/\/api.w.org\/{rel}","templated":true}]}}