{"id":122893,"date":"2020-07-09T06:00:00","date_gmt":"2020-07-09T11:00:00","guid":{"rendered":"https:\/\/plazajuarez.mx\/?p=122893"},"modified":"2020-07-08T22:20:41","modified_gmt":"2020-07-09T03:20:41","slug":"en-apan-un-hombre-fue-vinculado-a-proceso-por-violencia-familiar","status":"publish","type":"post","link":"https:\/\/plazajuarez.mx\/historico\/en-apan-un-hombre-fue-vinculado-a-proceso-por-violencia-familiar\/","title":{"rendered":"En Apan, un hombre fue vinculado a proceso por violencia familiar"},"content":{"rendered":"\n<ul class=\"wp-block-list\"><li><strong>Henry \u201cN\u201d, golpe\u00f3 a una mujer el pasado 28 de mayo, en la colonia Vicente Guerrero<\/strong><\/li><\/ul>\n\n\n\n<!--more-->\n\n\n\n<p>La Procuradur\u00eda General de Justicia de Hidalgo, acredit\u00f3 ante un juzgado penal la probable responsabilidad de un hombre en hechos que la ley se\u00f1ala como violencia familiar y obtuvo su vinculaci\u00f3n a proceso.<\/p>\n\n\n\n<p>Con base en las indagatorias que dirigi\u00f3 el Ministerio P\u00fablico, se obtuvieron datos de prueba en contra de Henry \u201cN\u201d, por hechos ocurridos el pasado 28 de mayo, en la colonia Vicente Guerrero del municipio de Apan, en donde una mujer fue agredida.<\/p>\n\n\n\n<p>Luego de la agresi\u00f3n, la agraviada trat\u00f3 de retirarse del lugar, sin embargo, en el intento, su agresor la golpe\u00f3 y amenaz\u00f3 con causarle da\u00f1os mayores si se iba del inmueble en el que se encontraba.<\/p>\n\n\n\n<p>Derivado de estos hechos, la mujer acudi\u00f3 a la agencia del Ministerio P\u00fablico de la Procuradur\u00eda General de Justicia del estado de Hidalgo, en donde inici\u00f3 la carpeta de investigaci\u00f3n correspondiente, por violencia familiar.<\/p>\n\n\n\n<p>El agente del Ministerio P\u00fablico, se encarg\u00f3 de realizar los trabajos de investigaci\u00f3n para recabar los datos de prueba que se\u00f1alaron a Henry \u201cN\u201d, como el probable responsable.<\/p>\n\n\n\n<p>Dichos datos de prueba servir\u00edan para presentarlos ante el juez de control y solicitar la orden de aprehensi\u00f3n del probable responsable, esta fue cumplimentada por agentes de la Polic\u00eda de Investigaci\u00f3n.<\/p>\n\n\n\n<p>Durante la audiencia inicial, el Ministerio P\u00fablico expuso ante la autoridad judicial, los datos necesarios con los que el probable agresor fue vinculado a proceso por violencia familiar.<\/p>\n\n\n\n<p>Adem\u00e1s se consigui\u00f3 que el juez de control dictara medidas de protecci\u00f3n a la v\u00edctima, entre ellas: la protecci\u00f3n policial y el auxilio inmediato por integrantes de instituciones policiales al domicilio en donde se localice o se encuentre la v\u00edctima en el momento de solicitarlo.<\/p>\n\n\n\n<p>Asimismo, fueron fijados tres meses como plazo para el cierre de la investigaci\u00f3n complementaria.<\/p>\n","protected":false},"excerpt":{"rendered":"<p>Henry \u201cN\u201d, golpe\u00f3 a una mujer el pasado 28 de mayo, en la colonia Vicente Guerrero<\/p>\n","protected":false},"author":93,"featured_media":0,"comment_status":"closed","ping_status":"open","sticky":false,"template":"","format":"standard","meta":{"footnotes":""},"categories":[37],"tags":[],"class_list":["post-122893","post","type-post","status-publish","format-standard","hentry","category-barandilla"],"_links":{"self":[{"href":"https:\/\/plazajuarez.mx\/historico\/wp-json\/wp\/v2\/posts\/122893","targetHints":{"allow":["GET"]}}],"collection":[{"href":"https:\/\/plazajuarez.mx\/historico\/wp-json\/wp\/v2\/posts"}],"about":[{"href":"https:\/\/plazajuarez.mx\/historico\/wp-json\/wp\/v2\/types\/post"}],"author":[{"embeddable":true,"href":"https:\/\/plazajuarez.mx\/historico\/wp-json\/wp\/v2\/users\/93"}],"replies":[{"embeddable":true,"href":"https:\/\/plazajuarez.mx\/historico\/wp-json\/wp\/v2\/comments?post=122893"}],"version-history":[{"count":0,"href":"https:\/\/plazajuarez.mx\/historico\/wp-json\/wp\/v2\/posts\/122893\/revisions"}],"wp:attachment":[{"href":"https:\/\/plazajuarez.mx\/historico\/wp-json\/wp\/v2\/media?parent=122893"}],"wp:term":[{"taxonomy":"category","embeddable":true,"href":"https:\/\/plazajuarez.mx\/historico\/wp-json\/wp\/v2\/categories?post=122893"},{"taxonomy":"post_tag","embeddable":true,"href":"https:\/\/plazajuarez.mx\/historico\/wp-json\/wp\/v2\/tags?post=122893"}],"curies":[{"name":"wp","href":"https:\/\/api.w.org\/{rel}","templated":true}]}}