{"id":122884,"date":"2020-07-08T21:03:59","date_gmt":"2020-07-09T02:03:59","guid":{"rendered":"https:\/\/plazajuarez.mx\/?p=122884"},"modified":"2020-07-08T21:04:10","modified_gmt":"2020-07-09T02:04:10","slug":"mexico-con-nuevo-maximo-de-casos-por-covid-suma-275-mil","status":"publish","type":"post","link":"https:\/\/plazajuarez.mx\/historico\/mexico-con-nuevo-maximo-de-casos-por-covid-suma-275-mil\/","title":{"rendered":"M\u00e9xico con nuevo m\u00e1ximo de casos por Covid; suma 275 mil"},"content":{"rendered":"\n<ul class=\"wp-block-list\"><li><strong>Existen al corte de este 8 de julio, 32 mil 796 muertes por Covid-19<\/strong><\/li><\/ul>\n\n\n\n<!--more-->\n\n\n\n<p>M\u00e9xico rebas\u00f3, al corte de este 8 de julio, 32 mil 796 muertes por Covid-19, con 275 mil 3 casos de contagios confirmados de coronavirus, seg\u00fan informaron autoridades de la Secretar\u00eda de Salud.<\/p>\n\n\n\n<p>As\u00ed lo informa Jos\u00e9 Luis Alom\u00eda, director general de Epidemiolog\u00eda, en conferencia de prensa desde Palacio Nacional. Ayer martes, la Secretar\u00eda de Salud hab\u00eda confirmado 268 mil 8 contagios, 32 mil 14 muertes y m\u00e1s de 26 mil casos activos por coronavirus en M\u00e9xico.<\/p>\n\n\n\n<p>El Instituto Mexicano del Seguro Social (IMSS) inform\u00f3 que a partir de ma\u00f1ana sus guarder\u00edas retomar\u00e1n actividades, con la finalidad de ayudar a que las madres trabajadoras que laboran en actividades esenciales y, de esta forma, no pierdan su empleo.<\/p>\n\n\n\n<p>Ante la pandemia por el Covid-19, el Seguro Social afirm\u00f3 que el reinicio de actividades se realizar\u00e1 con apego a las recomendaciones de la Secretar\u00eda de Salud y de acuerdo con el sem\u00e1foro de riesgo epidemiol\u00f3gico establecido por el gobierno federales.<\/p>\n\n\n\n<p>&#8220;El servicio de guarder\u00eda est\u00e1 considerado como una de las actividades esenciales que podr\u00e1n tener operaciones, conforme al ACUERDO por el que se establecen acciones extraordinarias para atender la emergencia sanitaria generada por el virus SARS-CoV2 de la Secretar\u00eda de Salud&#8221;, indic\u00f3 el instituto.<\/p>\n","protected":false},"excerpt":{"rendered":"<p>Existen al corte de este 8 de julio, 32 mil 796 muertes por Covid-19<\/p>\n","protected":false},"author":81,"featured_media":0,"comment_status":"closed","ping_status":"open","sticky":false,"template":"","format":"standard","meta":{"footnotes":""},"categories":[15,36],"tags":[],"class_list":["post-122884","post","type-post","status-publish","format-standard","hentry","category-destacadas","category-nacion"],"_links":{"self":[{"href":"https:\/\/plazajuarez.mx\/historico\/wp-json\/wp\/v2\/posts\/122884","targetHints":{"allow":["GET"]}}],"collection":[{"href":"https:\/\/plazajuarez.mx\/historico\/wp-json\/wp\/v2\/posts"}],"about":[{"href":"https:\/\/plazajuarez.mx\/historico\/wp-json\/wp\/v2\/types\/post"}],"author":[{"embeddable":true,"href":"https:\/\/plazajuarez.mx\/historico\/wp-json\/wp\/v2\/users\/81"}],"replies":[{"embeddable":true,"href":"https:\/\/plazajuarez.mx\/historico\/wp-json\/wp\/v2\/comments?post=122884"}],"version-history":[{"count":0,"href":"https:\/\/plazajuarez.mx\/historico\/wp-json\/wp\/v2\/posts\/122884\/revisions"}],"wp:attachment":[{"href":"https:\/\/plazajuarez.mx\/historico\/wp-json\/wp\/v2\/media?parent=122884"}],"wp:term":[{"taxonomy":"category","embeddable":true,"href":"https:\/\/plazajuarez.mx\/historico\/wp-json\/wp\/v2\/categories?post=122884"},{"taxonomy":"post_tag","embeddable":true,"href":"https:\/\/plazajuarez.mx\/historico\/wp-json\/wp\/v2\/tags?post=122884"}],"curies":[{"name":"wp","href":"https:\/\/api.w.org\/{rel}","templated":true}]}}