{"id":122880,"date":"2020-07-08T18:50:45","date_gmt":"2020-07-08T23:50:45","guid":{"rendered":"https:\/\/plazajuarez.mx\/?p=122880"},"modified":"2020-07-08T18:51:28","modified_gmt":"2020-07-08T23:51:28","slug":"los-jugadores-de-los-pumas-unam-negocian-sueldos-con-la-directiva","status":"publish","type":"post","link":"https:\/\/plazajuarez.mx\/historico\/los-jugadores-de-los-pumas-unam-negocian-sueldos-con-la-directiva\/","title":{"rendered":"Los jugadores de los Pumas UNAM negocian sueldos con la directiva"},"content":{"rendered":"\n<ul class=\"wp-block-list\"><li><strong>Los Pumas son uno de los equipos del balompi\u00e9 del pa\u00eds m\u00e1s afectados econ\u00f3micamente por COVID-19.<\/strong><\/li><\/ul>\n\n\n\n<!--more-->\n\n\n\n<p>El centrocampista Andr\u00e9s Iniestra, capit\u00e1n de los Pumas de la UNAM del entrenador espa\u00f1ol M\u00edchel, reconoci\u00f3 este mi\u00e9rcoles que los jugadores del equipo negocian sueldos con la directiva para mitigar el impacto econ\u00f3mico de la COVID-19.<\/p>\n\n\n\n<p>&#8220;Seguimos a la espera de una resoluci\u00f3n; por ambas partes hay una buena disposici\u00f3n, nada m\u00e1s es llegar a un acuerdo. Lo que queremos es el bien del equipo y no afectar a los elementos de las fuerzas b\u00e1sicas&#8221;, explic\u00f3 el volante en una videoconferencia.<\/p>\n\n\n\n<p>Iniestra coment\u00f3 que la plantilla de M\u00edchel no est\u00e1 enojada con los directiva, pero buscar\u00e1n no perjudicar de m\u00e1s a algunos compa\u00f1eros que a su parecer se han ganado buenos contratos por su trayectoria.<\/p>\n\n\n\n<p>Los Pumas son uno de los equipos del balompi\u00e9 del pa\u00eds m\u00e1s afectados econ\u00f3micamente por la COVID-19. La prensa local report\u00f3 que la directiva busca llegar a un trato con los futbolistas de reducir en algunos casos hasta un 50 por ciento de sus salarios con respecto al certamen anterior.<\/p>\n\n\n\n<p>A ra\u00edz del problema econ\u00f3mico en el que se encuentran, decidieron no renovar a futbolistas como el centrocampista Pablo Barrera y reforzarse solo con el guardameta Alfredo Talavera, quien lleg\u00f3 del Toluca en un cambio por Alfredo Sald\u00edvar.<\/p>\n\n\n\n<p>&#8220;Algo que ha caracterizado a Pumas es que nunca ha sido el plantel con m\u00e1s dinero para conseguir refuerzos estrellas, pero a lo largo de la historia se encontraron m\u00e9todos para competir y eso tenemos que hacer ahora para conseguir los buenos resultados a los que estamos obligados&#8221;, agreg\u00f3 Iniestra.<\/p>\n\n\n\n<p>Al cancelarse el Clausura 2020, los Pumas ocupaban la sexta posici\u00f3n de la clasificaci\u00f3n, despu\u00e9s de lograr estar invictos los primeros seis partidos del torneo.<\/p>\n\n\n\n<p>&#8220;Estoy feliz por la confianza que me brindan de portar el gafete de capit\u00e1n, es una responsabilidad por los jugadores que han sido capitanes, pero me estoy apoyando de mis compa\u00f1eros con m\u00e1s experiencia para hacer un buen papel&#8221;, dijo el jugador de 24 a\u00f1os.<\/p>\n\n\n\n<p>Los Pumas participan en la Copa por M\u00e9xico, un torneo amistoso previo al Clausura 2020 en el que sumaron una derrota 1-4 ante Cruz Azul y un empate sin goles con el Am\u00e9rica.<\/p>\n\n\n\n<p>&#8220;Salimos del partido ante Cruz Azul muy enojados, nos dej\u00f3 sensaciones malas, aparte no nos hicieron tantos tiros a gol, fueron errores puntuales de nosotros, pero contra el Am\u00e9rica la sensaciones fueron mejores en cuanto a la marca y pelota parada, estuvimos m\u00e1s concentrados&#8221;, expres\u00f3 Iniestra.<\/p>\n\n\n\n<p>Los Pumas regresan a la acci\u00f3n en la Copa por M\u00e9xico el domingo, cuando enfrenten al Toluca, duelo en el que se jugar\u00e1n su pase a la siguiente ronda.<\/p>\n","protected":false},"excerpt":{"rendered":"<p>Los Pumas son uno de los equipos del balompi\u00e9 del pa\u00eds m\u00e1s afectados econ\u00f3micamente por COVID-19.<\/p>\n","protected":false},"author":80,"featured_media":0,"comment_status":"closed","ping_status":"open","sticky":false,"template":"","format":"standard","meta":{"footnotes":""},"categories":[39],"tags":[],"class_list":["post-122880","post","type-post","status-publish","format-standard","hentry","category-deportiva"],"_links":{"self":[{"href":"https:\/\/plazajuarez.mx\/historico\/wp-json\/wp\/v2\/posts\/122880","targetHints":{"allow":["GET"]}}],"collection":[{"href":"https:\/\/plazajuarez.mx\/historico\/wp-json\/wp\/v2\/posts"}],"about":[{"href":"https:\/\/plazajuarez.mx\/historico\/wp-json\/wp\/v2\/types\/post"}],"author":[{"embeddable":true,"href":"https:\/\/plazajuarez.mx\/historico\/wp-json\/wp\/v2\/users\/80"}],"replies":[{"embeddable":true,"href":"https:\/\/plazajuarez.mx\/historico\/wp-json\/wp\/v2\/comments?post=122880"}],"version-history":[{"count":0,"href":"https:\/\/plazajuarez.mx\/historico\/wp-json\/wp\/v2\/posts\/122880\/revisions"}],"wp:attachment":[{"href":"https:\/\/plazajuarez.mx\/historico\/wp-json\/wp\/v2\/media?parent=122880"}],"wp:term":[{"taxonomy":"category","embeddable":true,"href":"https:\/\/plazajuarez.mx\/historico\/wp-json\/wp\/v2\/categories?post=122880"},{"taxonomy":"post_tag","embeddable":true,"href":"https:\/\/plazajuarez.mx\/historico\/wp-json\/wp\/v2\/tags?post=122880"}],"curies":[{"name":"wp","href":"https:\/\/api.w.org\/{rel}","templated":true}]}}