{"id":122877,"date":"2020-07-08T18:43:15","date_gmt":"2020-07-08T23:43:15","guid":{"rendered":"https:\/\/plazajuarez.mx\/?p=122877"},"modified":"2020-07-08T18:44:10","modified_gmt":"2020-07-08T23:44:10","slug":"detienen-a-cesar-duarte-exgobernador-de-chihuahua-en-eu","status":"publish","type":"post","link":"https:\/\/plazajuarez.mx\/historico\/detienen-a-cesar-duarte-exgobernador-de-chihuahua-en-eu\/","title":{"rendered":"Detienen a C\u00e9sar Duarte, exgobernador de Chihuahua, en EU"},"content":{"rendered":"\n<ul class=\"wp-block-list\"><li><strong>Fuentes de E.E.U.U. confirmaron la detenci\u00f3n.<\/strong><\/li><\/ul>\n\n\n\n<!--more-->\n\n\n\n<p>C\u00e9sar Duarte, exgobernador de Chihuahua, fue detenido este mi\u00e9rcoles en Estados Unidos. Fuentes de este pa\u00eds confirmaron a EL UNIVERSAL la detenci\u00f3n.<\/p>\n\n\n\n<p>En 2017 la justicia de Chihuahua emiti\u00f3 la primera orden de aprehensi\u00f3n tras detectar una deuda p\u00fablica que ascend\u00eda a 48 mil millones de pesos, un desfalco al erario de alrededor de 6 mil millones de pesos y el desv\u00edo de 250 millones de pesos para campa\u00f1as electorales del Partido Revolucionario Institucional (PRI) en el a\u00f1o 2015.<\/p>\n\n\n\n<p>En ese a\u00f1o la entonces Procuradur\u00eda General de la Rep\u00fablica (PGR) solicit\u00f3 a la Interpol la emisi\u00f3n de la ficha roja para localizar en 190 pa\u00edses al exmandatario, luego de que la Fiscal\u00eda de Chihuahua pidiera a la dependencia federal su apoyo para cumplir con la orden de aprehensi\u00f3n.<\/p>\n\n\n\n<p>En septiembre del a\u00f1o pasado Duarte fue ubicado en Albuquerque, Nuevo M\u00e9xico, y en mayo de 2019, el PRI aval\u00f3 la expulsi\u00f3n de Duarte del partido.<\/p>\n","protected":false},"excerpt":{"rendered":"<p>Fuentes de E.E.U.U. confirmaron la detenci\u00f3n.<\/p>\n","protected":false},"author":81,"featured_media":0,"comment_status":"closed","ping_status":"open","sticky":false,"template":"","format":"standard","meta":{"footnotes":""},"categories":[15,36],"tags":[],"class_list":["post-122877","post","type-post","status-publish","format-standard","hentry","category-destacadas","category-nacion"],"_links":{"self":[{"href":"https:\/\/plazajuarez.mx\/historico\/wp-json\/wp\/v2\/posts\/122877","targetHints":{"allow":["GET"]}}],"collection":[{"href":"https:\/\/plazajuarez.mx\/historico\/wp-json\/wp\/v2\/posts"}],"about":[{"href":"https:\/\/plazajuarez.mx\/historico\/wp-json\/wp\/v2\/types\/post"}],"author":[{"embeddable":true,"href":"https:\/\/plazajuarez.mx\/historico\/wp-json\/wp\/v2\/users\/81"}],"replies":[{"embeddable":true,"href":"https:\/\/plazajuarez.mx\/historico\/wp-json\/wp\/v2\/comments?post=122877"}],"version-history":[{"count":0,"href":"https:\/\/plazajuarez.mx\/historico\/wp-json\/wp\/v2\/posts\/122877\/revisions"}],"wp:attachment":[{"href":"https:\/\/plazajuarez.mx\/historico\/wp-json\/wp\/v2\/media?parent=122877"}],"wp:term":[{"taxonomy":"category","embeddable":true,"href":"https:\/\/plazajuarez.mx\/historico\/wp-json\/wp\/v2\/categories?post=122877"},{"taxonomy":"post_tag","embeddable":true,"href":"https:\/\/plazajuarez.mx\/historico\/wp-json\/wp\/v2\/tags?post=122877"}],"curies":[{"name":"wp","href":"https:\/\/api.w.org\/{rel}","templated":true}]}}