{"id":122874,"date":"2020-07-08T15:37:37","date_gmt":"2020-07-08T20:37:37","guid":{"rendered":"https:\/\/plazajuarez.mx\/?p=122874"},"modified":"2020-07-08T15:37:54","modified_gmt":"2020-07-08T20:37:54","slug":"protestan-contra-lopez-obrador-frente-la-embajada-de-ee-uu-en-mexico","status":"publish","type":"post","link":"https:\/\/plazajuarez.mx\/historico\/protestan-contra-lopez-obrador-frente-la-embajada-de-ee-uu-en-mexico\/","title":{"rendered":"Protestan contra L\u00f3pez Obrador frente la embajada de EE.UU. en M\u00e9xico"},"content":{"rendered":"\n<ul class=\"wp-block-list\"><li><strong>Gritaban &#8220;fuera L\u00f3pez&#8221; y sosten\u00edan pancartas acusando al mandatario de &#8220;delincuente&#8221;, &#8220;asesino&#8221; y &#8220;corrupto&#8221;<\/strong><\/li><\/ul>\n\n\n\n<!--more-->\n\n\n\n<p>Varias decenas de personas se reunieron este mi\u00e9rcoles ante la Embajada de Estados Unidos en Ciudad de M\u00e9xico para protestar contra el presidente del pa\u00eds, Andr\u00e9s Manuel L\u00f3pez Obrador, mientras se reun\u00eda con su hom\u00f3logo estadounidense, Donald Trump, en Washington.<\/p>\n\n\n\n<p>&#8220;Esto es manifestaci\u00f3n, no es protesta en lo absoluto. Celebramos que se enfrente L\u00f3pez (Obrador) al presidente de Estados Unidos porque no se nos hace una persona agradable Trump, pero L\u00f3pez (Obrador) est\u00e1 destruyendo este pa\u00eds que tanto trabajo nos ha costado construir&#8221;, expres\u00f3 Jorge a Efe, uno de los manifestantes.<\/p>\n\n\n\n<p>Como \u00e9l, alrededor de otras 25 gritaban &#8220;fuera L\u00f3pez&#8221; y sosten\u00edan pancartas acusando al mandatario de &#8220;delincuente&#8221;, &#8220;asesino&#8221; y &#8220;corrupto&#8221;, a la vez que varios de ellos sal\u00edan a hablar con un micr\u00f3fono alegando que el presidente est\u00e1 &#8220;destrozando&#8221; el pa\u00eds.<\/p>\n\n\n\n<p>El Frente Nacional AntiAMLO (Frenaaa) es la organizaci\u00f3n convocante que, adem\u00e1s, se ha manifestado en numerosas ocasiones en los \u00faltimos meses reclamando que renuncie antes de que se cumplan los dos a\u00f1os desde que inici\u00f3 su mandato, el 1 de diciembre de 2018.<\/p>\n\n\n\n<p>Seg\u00fan Jorge, miembro activo de Frenaaa, L\u00f3pez Obrador no ha cumplido con lo que prometi\u00f3 en campa\u00f1a y este emprendedor &#8220;de clase media&#8221; asegur\u00f3 que se est\u00e1n uniendo a sus filas muchas personas que votaron al mandatario y que ahora se encuentran decepcionados.<\/p>\n\n\n\n<p>Y la mayor decepci\u00f3n para \u00e9l es la impunidad -un 99 % de los delitos cometidos no se resuelven- que, dijo, crece exponencialmente.<\/p>\n\n\n\n<p>&#8220;La corrupci\u00f3n no es el problema en s\u00ed, es la impunidad. Si resolvemos el asunto de la impunidad vamos a crecer en seguridad y vamos a ver a criminales en la c\u00e1rcel. Una cosa es lo que dices otra lo que haces, no importa cu\u00e1nto digas pero la realidad te va a alcanzar&#8221;, asegur\u00f3.<\/p>\n\n\n\n<p>Por otra parte, tambi\u00e9n hubo cr\u00edticas durante la manifestaci\u00f3n a los empresarios que acompa\u00f1aron a L\u00f3pez Obrador a su primera visita oficial a Estados Unidos, a quienes calificaron de &#8220;empresaurios y empresucios&#8221; por participar de un Gobierno al que calificaron de &#8220;comunista&#8221;.<\/p>\n\n\n\n<p>Sin embargo, Jorge tambi\u00e9n quiso dejarles el mensaje de que no va a durar mucho esa alianza ya que el mandatario tambi\u00e9n los decepcionar\u00e1 a ellos.<\/p>\n\n\n\n<p>&#8220;(Ricardo) Salinas Pliego, (Carlos) Slim y muchos otros est\u00e1n coludidos con el sistema pero les mando un mensaje: no va a ser por mucho tiempo porque todas esas empresas necesitan clientes y si se destruye a los clientes, se destruye a las empresas&#8221;, asegur\u00f3.<\/p>\n\n\n\n<p>Del mismo modo que hubo esta manifestaci\u00f3n, mucho m\u00e1s minoritaria que las anteriores convocadas por Frenaaa, tambi\u00e9n se reunieron algunas personas en el consulado de Estados Unidos en Guadalajara, capital del estado de Jalisco, para hacer un &#8220;cacerolazo&#8221;.<\/p>\n\n\n\n<p>El Frenaaa, fundado en plena pandemia de COVID-19, est\u00e1 integrado por miembros que se declaran apartidistas y aseguran que nadie los patrocina.<\/p>\n","protected":false},"excerpt":{"rendered":"<p>Gritaban &#8220;fuera L\u00f3pez&#8221; y sosten\u00edan pancartas acusando al mandatario de &#8220;delincuente&#8221;, &#8220;asesino&#8221; y &#8220;corrupto&#8221;<\/p>\n","protected":false},"author":80,"featured_media":0,"comment_status":"closed","ping_status":"open","sticky":false,"template":"","format":"standard","meta":{"footnotes":""},"categories":[15,36],"tags":[],"class_list":["post-122874","post","type-post","status-publish","format-standard","hentry","category-destacadas","category-nacion"],"_links":{"self":[{"href":"https:\/\/plazajuarez.mx\/historico\/wp-json\/wp\/v2\/posts\/122874","targetHints":{"allow":["GET"]}}],"collection":[{"href":"https:\/\/plazajuarez.mx\/historico\/wp-json\/wp\/v2\/posts"}],"about":[{"href":"https:\/\/plazajuarez.mx\/historico\/wp-json\/wp\/v2\/types\/post"}],"author":[{"embeddable":true,"href":"https:\/\/plazajuarez.mx\/historico\/wp-json\/wp\/v2\/users\/80"}],"replies":[{"embeddable":true,"href":"https:\/\/plazajuarez.mx\/historico\/wp-json\/wp\/v2\/comments?post=122874"}],"version-history":[{"count":0,"href":"https:\/\/plazajuarez.mx\/historico\/wp-json\/wp\/v2\/posts\/122874\/revisions"}],"wp:attachment":[{"href":"https:\/\/plazajuarez.mx\/historico\/wp-json\/wp\/v2\/media?parent=122874"}],"wp:term":[{"taxonomy":"category","embeddable":true,"href":"https:\/\/plazajuarez.mx\/historico\/wp-json\/wp\/v2\/categories?post=122874"},{"taxonomy":"post_tag","embeddable":true,"href":"https:\/\/plazajuarez.mx\/historico\/wp-json\/wp\/v2\/tags?post=122874"}],"curies":[{"name":"wp","href":"https:\/\/api.w.org\/{rel}","templated":true}]}}