{"id":122871,"date":"2020-07-08T15:30:52","date_gmt":"2020-07-08T20:30:52","guid":{"rendered":"https:\/\/plazajuarez.mx\/?p=122871"},"modified":"2020-07-08T15:31:10","modified_gmt":"2020-07-08T20:31:10","slug":"trump-dice-frente-a-lopez-obrador-que-los-mexicanos-son-gente-fantastica","status":"publish","type":"post","link":"https:\/\/plazajuarez.mx\/historico\/trump-dice-frente-a-lopez-obrador-que-los-mexicanos-son-gente-fantastica\/","title":{"rendered":"Trump dice frente a L\u00f3pez Obrador que los mexicanos son &#8220;gente fant\u00e1stica&#8221;"},"content":{"rendered":"\n<ul class=\"wp-block-list\"><li><strong>Declaraciones que contrastan con los insultos que profiri\u00f3 contra ellos durante su campa\u00f1a electoral en 2016.<\/strong><\/li><\/ul>\n\n\n\n<!--more-->\n\n\n\n<p>El presidente de EE.UU., Donald Trump, afirm\u00f3 este mi\u00e9rcoles frente a su hom\u00f3logo de M\u00e9xico, Andr\u00e9s Manuel L\u00f3pez Obrador, que los mexicanos son &#8220;gente fant\u00e1stica&#8221; y &#8220;muy trabajadora&#8221;, unas declaraciones que contrastan con los insultos que profiri\u00f3 contra ellos durante su campa\u00f1a electoral en 2016.<\/p>\n\n\n\n<p>&#8220;Son gente trabajadora, son gente incre\u00edble, son un gran porcentaje de los propietarios de los negocios. Tienen mucho \u00e9xito&#8221;, dijo Trump, quien consider\u00f3 que los mexicanos tambi\u00e9n son &#8220;duros negociadores&#8221; como L\u00f3pez Obrador, al que consider\u00f3 su &#8220;amigo&#8221;.<\/p>\n","protected":false},"excerpt":{"rendered":"<p>Declaraciones que contrastan con los insultos que profiri\u00f3 contra ellos durante su campa\u00f1a electoral en 2016.<\/p>\n","protected":false},"author":80,"featured_media":0,"comment_status":"closed","ping_status":"open","sticky":false,"template":"","format":"standard","meta":{"footnotes":""},"categories":[15,31],"tags":[],"class_list":["post-122871","post","type-post","status-publish","format-standard","hentry","category-destacadas","category-orbe"],"_links":{"self":[{"href":"https:\/\/plazajuarez.mx\/historico\/wp-json\/wp\/v2\/posts\/122871","targetHints":{"allow":["GET"]}}],"collection":[{"href":"https:\/\/plazajuarez.mx\/historico\/wp-json\/wp\/v2\/posts"}],"about":[{"href":"https:\/\/plazajuarez.mx\/historico\/wp-json\/wp\/v2\/types\/post"}],"author":[{"embeddable":true,"href":"https:\/\/plazajuarez.mx\/historico\/wp-json\/wp\/v2\/users\/80"}],"replies":[{"embeddable":true,"href":"https:\/\/plazajuarez.mx\/historico\/wp-json\/wp\/v2\/comments?post=122871"}],"version-history":[{"count":0,"href":"https:\/\/plazajuarez.mx\/historico\/wp-json\/wp\/v2\/posts\/122871\/revisions"}],"wp:attachment":[{"href":"https:\/\/plazajuarez.mx\/historico\/wp-json\/wp\/v2\/media?parent=122871"}],"wp:term":[{"taxonomy":"category","embeddable":true,"href":"https:\/\/plazajuarez.mx\/historico\/wp-json\/wp\/v2\/categories?post=122871"},{"taxonomy":"post_tag","embeddable":true,"href":"https:\/\/plazajuarez.mx\/historico\/wp-json\/wp\/v2\/tags?post=122871"}],"curies":[{"name":"wp","href":"https:\/\/api.w.org\/{rel}","templated":true}]}}