{"id":122838,"date":"2020-07-08T07:05:07","date_gmt":"2020-07-08T12:05:07","guid":{"rendered":"https:\/\/plazajuarez.mx\/?p=122838"},"modified":"2020-07-08T07:05:16","modified_gmt":"2020-07-08T12:05:16","slug":"hallan-flotando-el-cadaver-de-adulto-mayor","status":"publish","type":"post","link":"https:\/\/plazajuarez.mx\/historico\/hallan-flotando-el-cadaver-de-adulto-mayor\/","title":{"rendered":"Hallan flotando el cad\u00e1ver de adulto mayor"},"content":{"rendered":"\n<ul class=\"wp-block-list\"><li><strong>Era un humilde jornalero, que fue reportado como desaparecido hace una semana&nbsp;<\/strong><\/li><\/ul>\n\n\n\n<ul class=\"wp-block-list\"><li><strong>El cuerpo ya estaba en completo estado de putrefacci\u00f3n.<\/strong><\/li><\/ul>\n\n\n\n<!--more-->\n\n\n\n<p><strong>Apan<\/strong>.- A una semana de haber sido reportado como desaparecido, el cad\u00e1ver de un humilde jornalero fue encontrado flotando en un canal de aguas pluviales.\u00a0<\/p>\n\n\n\n<p>Los hechos que fueran dados a conocer se\u00f1alan que un pastor de nombre Paulino RA, de 70 a\u00f1os, pastaba a sus borregos, sobre el bordo del canal El Papalote, cerca de la comunidad de las Ventas, en Apan, \u201cah\u00ed estaba cuando vi en el fondo del canal un bulto flotando. Al acercarme vi el cuerpo de un hombre boca abajo, y con el torso desnudo\u201d.<\/p>\n\n\n\n<p>Llam\u00f3 a unas personas que, coincidentemente, buscaban a un familiar que llevaba varios d\u00edas desaparecido.&nbsp;<\/p>\n\n\n\n<p>La cuadrilla de personas dijeron que buscaban a M\u00e1ximo Rodr\u00edguez Hern\u00e1ndez, de 50 a\u00f1os de edad, el cual fue arrastrado por una corriente de agua, despu\u00e9s de la tromba que se present\u00f3 el pasado mi\u00e9rcoles, en la comunidad de La Laguna de este municipio.<\/p>\n\n\n\n<p>Decidieron pedir apoyo a la Comandancia de Seguridad P\u00fablica municipal, y a Protecci\u00f3n Civil, quienes acudieron al lugar,&nbsp; cercior\u00e1ndose que se trataba del cad\u00e1ver de un hombre.<\/p>\n\n\n\n<p>Los elementos policiacos pidieron el apoyo del Ministerio P\u00fablico Investigador, para que diera fe del cad\u00e1ver hallado.<\/p>\n\n\n\n<p>En el reporte levantado el d\u00eda de su desaparici\u00f3n, que conten\u00eda la descripci\u00f3n f\u00edsica y la ropa que portaba, se percataron que concordaban con los del cuerpo hallado con el cad\u00e1ver encontrado en el citado canal.<\/p>\n\n\n\n<p>Sus familiares, contaron que el d\u00eda de la tromba (mi\u00e9rcoles pasado), este&nbsp; se encontraba realizando trabajos en una parcela, en compa\u00f1\u00eda de un familiar, cuando. De pronto. Empez\u00f3 a bajar la fuerte corriente de agua, producto de la tromba. M\u00e1ximo Rodr\u00edguez Hern\u00e1ndez fue arrastrado por fuerte corriente de agua, sin que pudieran ayudarlo.<\/p>\n","protected":false},"excerpt":{"rendered":"<p>Era un humilde jornalero, que fue reportado como desaparecido hace una semana&nbsp; El cuerpo ya estaba en completo estado de putrefacci\u00f3n.<\/p>\n","protected":false},"author":69,"featured_media":0,"comment_status":"closed","ping_status":"open","sticky":false,"template":"","format":"standard","meta":{"footnotes":""},"categories":[40],"tags":[],"class_list":["post-122838","post","type-post","status-publish","format-standard","hentry","category-region"],"_links":{"self":[{"href":"https:\/\/plazajuarez.mx\/historico\/wp-json\/wp\/v2\/posts\/122838","targetHints":{"allow":["GET"]}}],"collection":[{"href":"https:\/\/plazajuarez.mx\/historico\/wp-json\/wp\/v2\/posts"}],"about":[{"href":"https:\/\/plazajuarez.mx\/historico\/wp-json\/wp\/v2\/types\/post"}],"author":[{"embeddable":true,"href":"https:\/\/plazajuarez.mx\/historico\/wp-json\/wp\/v2\/users\/69"}],"replies":[{"embeddable":true,"href":"https:\/\/plazajuarez.mx\/historico\/wp-json\/wp\/v2\/comments?post=122838"}],"version-history":[{"count":0,"href":"https:\/\/plazajuarez.mx\/historico\/wp-json\/wp\/v2\/posts\/122838\/revisions"}],"wp:attachment":[{"href":"https:\/\/plazajuarez.mx\/historico\/wp-json\/wp\/v2\/media?parent=122838"}],"wp:term":[{"taxonomy":"category","embeddable":true,"href":"https:\/\/plazajuarez.mx\/historico\/wp-json\/wp\/v2\/categories?post=122838"},{"taxonomy":"post_tag","embeddable":true,"href":"https:\/\/plazajuarez.mx\/historico\/wp-json\/wp\/v2\/tags?post=122838"}],"curies":[{"name":"wp","href":"https:\/\/api.w.org\/{rel}","templated":true}]}}