{"id":122831,"date":"2020-07-08T07:01:52","date_gmt":"2020-07-08T12:01:52","guid":{"rendered":"https:\/\/plazajuarez.mx\/?p=122831"},"modified":"2020-07-08T07:02:06","modified_gmt":"2020-07-08T12:02:06","slug":"acueducto-del-padre-tembleque-patrimonio-mundial-de-la-humanidad","status":"publish","type":"post","link":"https:\/\/plazajuarez.mx\/historico\/acueducto-del-padre-tembleque-patrimonio-mundial-de-la-humanidad\/","title":{"rendered":"Acueducto del Padre Tembleque, patrimonio mundial de la humanidad"},"content":{"rendered":"\n<ul class=\"wp-block-list\"><li><strong>Hace cinco a\u00f1os fue nombrado como Patrimonio de la Humanidad<\/strong><\/li><\/ul>\n\n\n\n<!--more-->\n\n\n\n<p><strong> Zempoala<\/strong>.- En el Quinto Aniversario de que el Acueducto del Padre Tembleque fue inscrito como Patrimonio Mundial\u00a0de la Humanidad, los gobiernos del Estado de M\u00e9xico e Hidalgo, organizaron una serie de eventos para celebrar el acontecimiento.\u00a0<\/p>\n\n\n\n<p>Videoconferencias, entrevistas, presentaci\u00f3n de libros y documentales son algunas de las actividades en un programa que se desarrolla en torno a esta importante obra arquitect\u00f3nica del Siglo XVI, que se encuentra dentro del municipio de Zempoala, Hidalgo.<\/p>\n\n\n\n<p>Las celebraciones fueron organizadas por las Secretar\u00edas de Turismo de ambos estados, donde corre este importante Acueducto.<\/p>\n\n\n\n<p>Miguel Le\u00f3n-Portilla, Francisco L\u00f3pez Morales, Miguel Mayorga, Edgar Valtiago, entre otros historiadores colaboraron en la creaci\u00f3n del expediente que se present\u00f3 ante la Unesco.&nbsp;<\/p>\n\n\n\n<p>Los historiadores recordaron la importante labor de cientos de investigadores de esta obra hidr\u00e1ulica de la Nueva Espa\u00f1a, y que proporcion\u00f3 agua a habitantes de la regi\u00f3n central,&nbsp;&nbsp;<\/p>\n\n\n\n<p>El ciclo de conferencias, inici\u00f3 el 5 de julio (fecha en que fue otorgada la inscripci\u00f3n, por parte de la Unesco) se inici\u00f3 con un mensaje por parte de Olaf Hern\u00e1ndez S\u00e1nchez, titular de Cultura de Hidalgo, y de Marcela Gonz\u00e1lez Salas, responsable de Cultura y Deporte del Estado de M\u00e9xico, seguido del video-documental&nbsp;\u201c\u00cdndices sobre Fray Bernardino de Sahag\u00fan. Memoria del Mundo\u201d.<\/p>\n\n\n\n<p>El lunes se present\u00f3 la videoconferencia &#8220;Historiar un acueducto&#8230; el de Zempoala&#8221;, y la conferencia \u201cLos glifos prehisp\u00e1nicos de la Arquer\u00eda Mayor de Tepeyahualco\u201d.<\/p>\n\n\n\n<p>El martes, 7 de julio presentaron el documental \u201cDel Tecajete a Otumba\u201d, continuaron con la presentaci\u00f3n del libro \u201cEl acueducto Padre Tembleque: agua, humanismo y labor comunitaria en el altiplano central mexicano\u201d.&nbsp;<\/p>\n\n\n\n<p>Adem\u00e1s se present\u00f3 la obra: &#8220;En busca de agua para no morir de sed&#8221;.<\/p>\n\n\n\n<p>Hoy mi\u00e9rcoles, \u00faltimo d\u00eda de celebraci\u00f3n virtual, se efectuar\u00e1 la videoconferencia &#8220;De Chalchiuhtlicue a la Sirena, la due\u00f1a del agua&#8221;, adem\u00e1s del conversatorio del Acueducto del Padre Tembleque.<\/p>\n","protected":false},"excerpt":{"rendered":"<p>Hace cinco a\u00f1os fue nombrado como Patrimonio de la Humanidad<\/p>\n","protected":false},"author":69,"featured_media":0,"comment_status":"closed","ping_status":"open","sticky":false,"template":"","format":"standard","meta":{"footnotes":""},"categories":[40],"tags":[],"class_list":["post-122831","post","type-post","status-publish","format-standard","hentry","category-region"],"_links":{"self":[{"href":"https:\/\/plazajuarez.mx\/historico\/wp-json\/wp\/v2\/posts\/122831","targetHints":{"allow":["GET"]}}],"collection":[{"href":"https:\/\/plazajuarez.mx\/historico\/wp-json\/wp\/v2\/posts"}],"about":[{"href":"https:\/\/plazajuarez.mx\/historico\/wp-json\/wp\/v2\/types\/post"}],"author":[{"embeddable":true,"href":"https:\/\/plazajuarez.mx\/historico\/wp-json\/wp\/v2\/users\/69"}],"replies":[{"embeddable":true,"href":"https:\/\/plazajuarez.mx\/historico\/wp-json\/wp\/v2\/comments?post=122831"}],"version-history":[{"count":0,"href":"https:\/\/plazajuarez.mx\/historico\/wp-json\/wp\/v2\/posts\/122831\/revisions"}],"wp:attachment":[{"href":"https:\/\/plazajuarez.mx\/historico\/wp-json\/wp\/v2\/media?parent=122831"}],"wp:term":[{"taxonomy":"category","embeddable":true,"href":"https:\/\/plazajuarez.mx\/historico\/wp-json\/wp\/v2\/categories?post=122831"},{"taxonomy":"post_tag","embeddable":true,"href":"https:\/\/plazajuarez.mx\/historico\/wp-json\/wp\/v2\/tags?post=122831"}],"curies":[{"name":"wp","href":"https:\/\/api.w.org\/{rel}","templated":true}]}}