{"id":122830,"date":"2020-07-08T07:00:41","date_gmt":"2020-07-08T12:00:41","guid":{"rendered":"https:\/\/plazajuarez.mx\/?p=122830"},"modified":"2020-07-08T07:00:52","modified_gmt":"2020-07-08T12:00:52","slug":"buscan-a-pequenito-extraviado-hace-dos-meses-que-no-saben-de-el","status":"publish","type":"post","link":"https:\/\/plazajuarez.mx\/historico\/buscan-a-pequenito-extraviado-hace-dos-meses-que-no-saben-de-el\/","title":{"rendered":"Buscan a peque\u00f1ito extraviado, hace dos meses que no saben de \u00e9l"},"content":{"rendered":"\n<ul class=\"wp-block-list\"><li><strong>\u00c1ngel Yael S\u00e1nchez Limones fue visto por \u00faltima vez el 19 de mayo pasado; estaba al cuidado de su abuela&nbsp;<\/strong><\/li><\/ul>\n\n\n\n<ul class=\"wp-block-list\"><li><strong>Vive en la comunidad de Huitzila, Tizayuca d\u00f3nde fue visto por \u00faltima vez antes de encargarlo a la abuela\u00a0<\/strong><\/li><\/ul>\n\n\n\n<!--more-->\n\n\n\n<p><strong>Tizayuca<\/strong>.- Familiares del menor \u00c1ngel Yael S\u00e1nchez Limones, de cuatro a\u00f1os de edad, solicitan ayuda para dar con su paradero, pues la \u00faltima vez que fue visto se lo prestaron a su abuela el 19 de mayo del presente a\u00f1o.<\/p>\n\n\n\n<p>El menor vest\u00eda pants de color rojo con playera de manga larga y tenis de color azul marino.&nbsp;<\/p>\n\n\n\n<p>El menor vive en la calle Veracruz, colonia Las Granjas en la comunidad de Huitzila, perteneciente al municipio de Tizayuca donde fue visto por \u00faltima vez antes de encargarlo a la abuela.&nbsp;<\/p>\n\n\n\n<p>Su descripci\u00f3n f\u00edsica es: tez blanca, complexi\u00f3n delgada, cabello casta\u00f1o claro, lacio, cara ovalada, boca mediana nariz chata, estatura 88 cent\u00edmetros. No tiene se\u00f1as particulares.&nbsp;&nbsp;<\/p>\n\n\n\n<p>Finalmente, para mayores informes acerca de su paradero los familiares proporcionan el siguiente n\u00famero al 56-10-10-92-52 d\u00f3nde pueden hacer la llamada de forma an\u00f3nima.<\/p>\n","protected":false},"excerpt":{"rendered":"<p>\u00c1ngel Yael S\u00e1nchez Limones fue visto por \u00faltima vez el 19 de mayo pasado; estaba al cuidado de su abuela&nbsp; Vive en la comunidad de Huitzila, Tizayuca d\u00f3nde fue visto por \u00faltima vez antes de encargarlo a la abuela\u00a0<\/p>\n","protected":false},"author":78,"featured_media":0,"comment_status":"closed","ping_status":"open","sticky":false,"template":"","format":"standard","meta":{"footnotes":""},"categories":[40],"tags":[],"class_list":["post-122830","post","type-post","status-publish","format-standard","hentry","category-region"],"_links":{"self":[{"href":"https:\/\/plazajuarez.mx\/historico\/wp-json\/wp\/v2\/posts\/122830","targetHints":{"allow":["GET"]}}],"collection":[{"href":"https:\/\/plazajuarez.mx\/historico\/wp-json\/wp\/v2\/posts"}],"about":[{"href":"https:\/\/plazajuarez.mx\/historico\/wp-json\/wp\/v2\/types\/post"}],"author":[{"embeddable":true,"href":"https:\/\/plazajuarez.mx\/historico\/wp-json\/wp\/v2\/users\/78"}],"replies":[{"embeddable":true,"href":"https:\/\/plazajuarez.mx\/historico\/wp-json\/wp\/v2\/comments?post=122830"}],"version-history":[{"count":0,"href":"https:\/\/plazajuarez.mx\/historico\/wp-json\/wp\/v2\/posts\/122830\/revisions"}],"wp:attachment":[{"href":"https:\/\/plazajuarez.mx\/historico\/wp-json\/wp\/v2\/media?parent=122830"}],"wp:term":[{"taxonomy":"category","embeddable":true,"href":"https:\/\/plazajuarez.mx\/historico\/wp-json\/wp\/v2\/categories?post=122830"},{"taxonomy":"post_tag","embeddable":true,"href":"https:\/\/plazajuarez.mx\/historico\/wp-json\/wp\/v2\/tags?post=122830"}],"curies":[{"name":"wp","href":"https:\/\/api.w.org\/{rel}","templated":true}]}}