{"id":122829,"date":"2020-07-08T06:55:37","date_gmt":"2020-07-08T11:55:37","guid":{"rendered":"https:\/\/plazajuarez.mx\/?p=122829"},"modified":"2020-07-08T06:55:51","modified_gmt":"2020-07-08T11:55:51","slug":"realizan-nebulizaciones-contra-el-mosco-culex","status":"publish","type":"post","link":"https:\/\/plazajuarez.mx\/historico\/realizan-nebulizaciones-contra-el-mosco-culex\/","title":{"rendered":"Realizan nebulizaciones contra el mosco culex"},"content":{"rendered":"\n<ul class=\"wp-block-list\"><li><strong>Este mosco act\u00faa como vector de importantes enfermedades, como la malaria, encefalitis virales, entre otras\u00a0<\/strong><\/li><\/ul>\n\n\n\n<!--more-->\n\n\n\n<p><strong>Tula de Allende<\/strong>.- Con la finalidad de combatir la presencia del mosco culex, la Presidencia Municipal de Tula inform\u00f3 que realizar\u00e1 nebulizaciones en calles de la zona centro, zonas aleda\u00f1as y colonias c\u00e9ntricas.<\/p>\n\n\n\n<p>Las nebulizaciones comenzaron la tarde del lunes sobre las calles de las colonias La Mora, La Malinche, 16 de Enero y zona centro, en un horario de las 18:00 a 21:30 horas.<\/p>\n\n\n\n<p>Con dos brigadas de trabajadores se realiz\u00f3 la nebulizaci\u00f3n el lunes. Se dijo que en caso de ser necesario ser\u00edan dos d\u00edas con la finalidad de abarcar las \u00e1reas mencionadas y algunos otros lugares donde la poblaci\u00f3n lo solicite.<\/p>\n\n\n\n<p>Existe la posibilidad de realizar un reforzamiento de las nebulizaciones,&nbsp;<\/p>\n\n\n\n<p>Sobre estas nebulizaciones, se dijo que no hab\u00eda ninguna recomendaci\u00f3n especial para los vecinos porque no se ingresar\u00e1 a los domicilios.<\/p>\n\n\n\n<p>El producto que se aplica en el proceso de nebulizar est\u00e1 aprobado y listado para fumigaciones en exteriores en el Centro Nacional de Programas Preventivos (Cenaprece), sin se\u00f1alar complicaci\u00f3n a la salud humana.&nbsp;<\/p>\n\n\n\n<p>El contacto no es directo y se hace por nebulizaci\u00f3n para sea m\u00e1s efectivo.<\/p>\n","protected":false},"excerpt":{"rendered":"<p>Este mosco act\u00faa como vector de importantes enfermedades, como la malaria, encefalitis virales, entre otras\u00a0<\/p>\n","protected":false},"author":93,"featured_media":0,"comment_status":"closed","ping_status":"open","sticky":false,"template":"","format":"standard","meta":{"footnotes":""},"categories":[40],"tags":[],"class_list":["post-122829","post","type-post","status-publish","format-standard","hentry","category-region"],"_links":{"self":[{"href":"https:\/\/plazajuarez.mx\/historico\/wp-json\/wp\/v2\/posts\/122829","targetHints":{"allow":["GET"]}}],"collection":[{"href":"https:\/\/plazajuarez.mx\/historico\/wp-json\/wp\/v2\/posts"}],"about":[{"href":"https:\/\/plazajuarez.mx\/historico\/wp-json\/wp\/v2\/types\/post"}],"author":[{"embeddable":true,"href":"https:\/\/plazajuarez.mx\/historico\/wp-json\/wp\/v2\/users\/93"}],"replies":[{"embeddable":true,"href":"https:\/\/plazajuarez.mx\/historico\/wp-json\/wp\/v2\/comments?post=122829"}],"version-history":[{"count":0,"href":"https:\/\/plazajuarez.mx\/historico\/wp-json\/wp\/v2\/posts\/122829\/revisions"}],"wp:attachment":[{"href":"https:\/\/plazajuarez.mx\/historico\/wp-json\/wp\/v2\/media?parent=122829"}],"wp:term":[{"taxonomy":"category","embeddable":true,"href":"https:\/\/plazajuarez.mx\/historico\/wp-json\/wp\/v2\/categories?post=122829"},{"taxonomy":"post_tag","embeddable":true,"href":"https:\/\/plazajuarez.mx\/historico\/wp-json\/wp\/v2\/tags?post=122829"}],"curies":[{"name":"wp","href":"https:\/\/api.w.org\/{rel}","templated":true}]}}