{"id":122820,"date":"2020-07-08T06:54:32","date_gmt":"2020-07-08T11:54:32","guid":{"rendered":"https:\/\/plazajuarez.mx\/?p=122820"},"modified":"2020-07-08T06:54:49","modified_gmt":"2020-07-08T11:54:49","slug":"intensos-vientos-del-lunes-hacen-temer-que-vayan-a-caer-anuncios","status":"publish","type":"post","link":"https:\/\/plazajuarez.mx\/historico\/intensos-vientos-del-lunes-hacen-temer-que-vayan-a-caer-anuncios\/","title":{"rendered":"Intensos vientos del lunes hacen temer que vayan a caer anuncios"},"content":{"rendered":"\n<ul class=\"wp-block-list\"><li><strong>Previenen de d\u00edas con fuertes vientos; varios espectaculares, sin mantenimiento, podr\u00edan venirse abajo&nbsp;<\/strong><\/li><\/ul>\n\n\n\n<!--more-->\n\n\n\n<p>Debido a los intensos vientos de la tarde del lunes y parte del d\u00eda de ayer, delegados de las distintas comunidades solicitaron al Gobierno Municipal de Tula, realizar una campa\u00f1a de verificaci\u00f3n respecto a los \u00e1rboles que est\u00e1n debilitados, y hacer lo que proceda para evitar una tragedia. Igualmente, piden se verifique la estructura de algunos espectaculares.<\/p>\n\n\n\n<p>Los delegados, principalmente de las comunidades y colonias c\u00e9ntricas, dijeron que al registrarse los fuertes vientos los \u00e1rboles y anuncios se mov\u00edan demasiado y que eso les preocupa, ya que pueden venirse abajo y lesionar a alguna persona.<\/p>\n\n\n\n<p>La tarde del lunes, derivado del fuerte viento en la colonia San Lorenzo, se cay\u00f3 un \u00e1rbol sobre un veh\u00edculo, no se reportaron personas lesionadas, toda vez que en el interior no hab\u00eda ocupantes ni transitaba por la zona alguna persona.<\/p>\n\n\n\n<p>Para retirar el \u00e1rbol, elementos de Protecci\u00f3n Civil trabajaron en el lugar. M\u00e1s tarde atendieron el reporte de vecinos de la colonia Infonavit donde se desprendieron varias ramas que cayeron sobre las l\u00edneas de conducci\u00f3n el\u00e9ctrica, lo que ocasion\u00f3 la interrupci\u00f3n en el servicio.<\/p>\n\n\n\n<p>Las autoridades auxiliares insistieron en que se debe realizar un minucioso an\u00e1lisis sobre los anuncios publicitarios y se\u00f1alamientos que se encuentran arriba de algunos negocios o en los distintos puntos de las avenidas, ya que existen muchos que tienen varios a\u00f1os y que ya se observan deteriorados, como consecuencia de que no se les da mantenimiento, lo que representa un peligro para la poblaci\u00f3n.<\/p>\n\n\n\n<p>Luego de los ventarrones, elementos de Protecci\u00f3n Civil realizaron un recorrido por diferentes puntos de la ciudad para descartar mayores afectaciones. Se adelant\u00f3 que dar\u00e1n seguimiento a los reportes ciudadanos, ya que los vientos continuar\u00e1n y se deben prevenir accidentes o tragedias.<\/p>\n","protected":false},"excerpt":{"rendered":"<p>Previenen de d\u00edas con fuertes vientos; varios espectaculares, sin mantenimiento, podr\u00edan venirse abajo&nbsp;<\/p>\n","protected":false},"author":71,"featured_media":0,"comment_status":"closed","ping_status":"open","sticky":false,"template":"","format":"standard","meta":{"footnotes":""},"categories":[40],"tags":[],"class_list":["post-122820","post","type-post","status-publish","format-standard","hentry","category-region"],"_links":{"self":[{"href":"https:\/\/plazajuarez.mx\/historico\/wp-json\/wp\/v2\/posts\/122820","targetHints":{"allow":["GET"]}}],"collection":[{"href":"https:\/\/plazajuarez.mx\/historico\/wp-json\/wp\/v2\/posts"}],"about":[{"href":"https:\/\/plazajuarez.mx\/historico\/wp-json\/wp\/v2\/types\/post"}],"author":[{"embeddable":true,"href":"https:\/\/plazajuarez.mx\/historico\/wp-json\/wp\/v2\/users\/71"}],"replies":[{"embeddable":true,"href":"https:\/\/plazajuarez.mx\/historico\/wp-json\/wp\/v2\/comments?post=122820"}],"version-history":[{"count":0,"href":"https:\/\/plazajuarez.mx\/historico\/wp-json\/wp\/v2\/posts\/122820\/revisions"}],"wp:attachment":[{"href":"https:\/\/plazajuarez.mx\/historico\/wp-json\/wp\/v2\/media?parent=122820"}],"wp:term":[{"taxonomy":"category","embeddable":true,"href":"https:\/\/plazajuarez.mx\/historico\/wp-json\/wp\/v2\/categories?post=122820"},{"taxonomy":"post_tag","embeddable":true,"href":"https:\/\/plazajuarez.mx\/historico\/wp-json\/wp\/v2\/tags?post=122820"}],"curies":[{"name":"wp","href":"https:\/\/api.w.org\/{rel}","templated":true}]}}