{"id":122805,"date":"2020-07-08T06:35:40","date_gmt":"2020-07-08T11:35:40","guid":{"rendered":"https:\/\/plazajuarez.mx\/?p=122805"},"modified":"2020-07-08T06:35:55","modified_gmt":"2020-07-08T11:35:55","slug":"desconocen-posible-desbandada-morenista","status":"publish","type":"post","link":"https:\/\/plazajuarez.mx\/historico\/desconocen-posible-desbandada-morenista\/","title":{"rendered":"Desconocen posible desbandada morenista"},"content":{"rendered":"\n<ul class=\"wp-block-list\"><li><strong>\u201cSiempre vamos a pugnar por generar una conciliaci\u00f3n entre los sectores que integran Morena Hidalgo\u201d: Carlos Mendoza.<\/strong><\/li><\/ul>\n\n\n\n<!--more-->\n\n\n\n<p>El secretario de formaci\u00f3n pol\u00edtica del Movimiento Regeneraci\u00f3n Nacional (Morena) en Hidalgo, Carlos Mendoza \u00c1lvarez, asever\u00f3 que al interior del partido se desconoce que exista una posible desbandada de diputados locales y federales morenistas hacia el Partido del Trabajo, y que en cambio, s\u00f3lo existe una preocupaci\u00f3n por generar una conciliaci\u00f3n al interior del partido.&nbsp;<\/p>\n\n\n\n<p>A pregunta expresa sobre su opini\u00f3n de que la dirigencia nacional petista solicit\u00f3 al presidente del Patronato Universitario y l\u00edder del Grupo Universidad, Gerardo Sosa Castel\u00e1n, diputados federales morenistas para ocupar la mesa directiva en la C\u00e1mara de Diputados, declar\u00f3 que \u201ces un tema que no le corresponde al comit\u00e9 ejecutivo estatal\u201d.&nbsp;<\/p>\n\n\n\n<p>\u201cEs una pregunta que se tiene que hacer al coordinador del grupo legislativo de Morena (Mario Delgado), nosotros en el comit\u00e9 no tenemos conocimiento de ninguna solicitud de este tipo, pero nosotros estamos para apoyar tambi\u00e9n a todos los partidos que integran el frente de la Cuarta Transformaci\u00f3n\u201d, dijo.&nbsp;<\/p>\n\n\n\n<p>Sobre los rumores de que diputados locales afines al Grupo Universidad tambi\u00e9n pudieran abandonar las filas de Morena para dirigirse a la bancada petista, respondi\u00f3 que \u201cnuestros trabajo como comit\u00e9 es cuidar al partido y sus integrantes, es dar la posibilidad de resolver sus conflictos internos que surjan como cualquier organizaci\u00f3n, vamos a pugnar siempre para generar una conciliaci\u00f3n\u201d.<\/p>\n","protected":false},"excerpt":{"rendered":"<p>\u201cSiempre vamos a pugnar por generar una conciliaci\u00f3n entre los sectores que integran Morena Hidalgo\u201d: Carlos Mendoza.<\/p>\n","protected":false},"author":93,"featured_media":0,"comment_status":"closed","ping_status":"open","sticky":false,"template":"","format":"standard","meta":{"footnotes":""},"categories":[59],"tags":[],"class_list":["post-122805","post","type-post","status-publish","format-standard","hentry","category-general"],"_links":{"self":[{"href":"https:\/\/plazajuarez.mx\/historico\/wp-json\/wp\/v2\/posts\/122805","targetHints":{"allow":["GET"]}}],"collection":[{"href":"https:\/\/plazajuarez.mx\/historico\/wp-json\/wp\/v2\/posts"}],"about":[{"href":"https:\/\/plazajuarez.mx\/historico\/wp-json\/wp\/v2\/types\/post"}],"author":[{"embeddable":true,"href":"https:\/\/plazajuarez.mx\/historico\/wp-json\/wp\/v2\/users\/93"}],"replies":[{"embeddable":true,"href":"https:\/\/plazajuarez.mx\/historico\/wp-json\/wp\/v2\/comments?post=122805"}],"version-history":[{"count":0,"href":"https:\/\/plazajuarez.mx\/historico\/wp-json\/wp\/v2\/posts\/122805\/revisions"}],"wp:attachment":[{"href":"https:\/\/plazajuarez.mx\/historico\/wp-json\/wp\/v2\/media?parent=122805"}],"wp:term":[{"taxonomy":"category","embeddable":true,"href":"https:\/\/plazajuarez.mx\/historico\/wp-json\/wp\/v2\/categories?post=122805"},{"taxonomy":"post_tag","embeddable":true,"href":"https:\/\/plazajuarez.mx\/historico\/wp-json\/wp\/v2\/tags?post=122805"}],"curies":[{"name":"wp","href":"https:\/\/api.w.org\/{rel}","templated":true}]}}