{"id":122802,"date":"2020-07-08T06:33:40","date_gmt":"2020-07-08T11:33:40","guid":{"rendered":"https:\/\/plazajuarez.mx\/?p=122802"},"modified":"2020-07-08T06:33:53","modified_gmt":"2020-07-08T11:33:53","slug":"asegura-arzobispo-que-se-cancelaran-fiestas-en-honor-a-san-francisco","status":"publish","type":"post","link":"https:\/\/plazajuarez.mx\/historico\/asegura-arzobispo-que-se-cancelaran-fiestas-en-honor-a-san-francisco\/","title":{"rendered":"Asegura Arzobispo que se cancelar\u00e1n fiestas en honor a San Francisco"},"content":{"rendered":"\n<ul class=\"wp-block-list\"><li><strong>De continuar con la pandemia para octubre,\u00a0 los festejos no se realizar\u00e1n de manera tradicional\u00a0<\/strong><\/li><\/ul>\n\n\n\n<!--more-->\n\n\n\n<p>En entrevista para <em>Diario Plaza Ju\u00e1rez<\/em>, Domingo D\u00edaz Mart\u00ednez, Arzobispo de la Di\u00f3cesis de Tulancingo, asegur\u00f3 la posible cancelaci\u00f3n de manera presencial de las celebraciones patronales en torno a San Francisco As\u00eds, Santo Patrono de la ciudad de Pachuca.&nbsp;&nbsp;<\/p>\n\n\n\n<p>Asimismo, expuso que de continuar con la pandemia para octubre ser\u00e1 imposible realizar la celebraci\u00f3n como se hace tradicionalmente, con grandes cantidades de fieles, sin embargo explic\u00f3 que los festejos patronales se realizar\u00e1 con un n\u00famero limitado de personas<\/p>\n\n\n\n<p>Adem\u00e1s, D\u00edaz Mart\u00ednez aclar\u00f3 que del mismo modo que se han celebrado las misas durante la pandemia sanitaria del Covid-19, los festejos a San Francisco se realizar\u00e1n en tiempo y forma a trav\u00e9s de internet.&nbsp;<\/p>\n\n\n\n<p>Al respecto de la pandemia, el l\u00edder religioso se\u00f1al\u00f3 que los templos nunca cerraron ante la contingencia, \u201chan permanecido abiertos con las disposiciones sanitarias correspondientes y lo que aconteci\u00f3 en estos d\u00edas es que regresamos a las celebraciones presenciales con un grupo peque\u00f1o de personas no mayor al 30 por ciento de la capacidad de las iglesias\u201d.&nbsp;<\/p>\n","protected":false},"excerpt":{"rendered":"<p>De continuar con la pandemia para octubre,\u00a0 los festejos no se realizar\u00e1n de manera tradicional\u00a0<\/p>\n","protected":false},"author":93,"featured_media":0,"comment_status":"closed","ping_status":"open","sticky":false,"template":"","format":"standard","meta":{"footnotes":""},"categories":[59],"tags":[],"class_list":["post-122802","post","type-post","status-publish","format-standard","hentry","category-general"],"_links":{"self":[{"href":"https:\/\/plazajuarez.mx\/historico\/wp-json\/wp\/v2\/posts\/122802","targetHints":{"allow":["GET"]}}],"collection":[{"href":"https:\/\/plazajuarez.mx\/historico\/wp-json\/wp\/v2\/posts"}],"about":[{"href":"https:\/\/plazajuarez.mx\/historico\/wp-json\/wp\/v2\/types\/post"}],"author":[{"embeddable":true,"href":"https:\/\/plazajuarez.mx\/historico\/wp-json\/wp\/v2\/users\/93"}],"replies":[{"embeddable":true,"href":"https:\/\/plazajuarez.mx\/historico\/wp-json\/wp\/v2\/comments?post=122802"}],"version-history":[{"count":0,"href":"https:\/\/plazajuarez.mx\/historico\/wp-json\/wp\/v2\/posts\/122802\/revisions"}],"wp:attachment":[{"href":"https:\/\/plazajuarez.mx\/historico\/wp-json\/wp\/v2\/media?parent=122802"}],"wp:term":[{"taxonomy":"category","embeddable":true,"href":"https:\/\/plazajuarez.mx\/historico\/wp-json\/wp\/v2\/categories?post=122802"},{"taxonomy":"post_tag","embeddable":true,"href":"https:\/\/plazajuarez.mx\/historico\/wp-json\/wp\/v2\/tags?post=122802"}],"curies":[{"name":"wp","href":"https:\/\/api.w.org\/{rel}","templated":true}]}}