{"id":122788,"date":"2020-07-08T06:15:38","date_gmt":"2020-07-08T11:15:38","guid":{"rendered":"https:\/\/plazajuarez.mx\/?p=122788"},"modified":"2020-07-08T06:15:51","modified_gmt":"2020-07-08T11:15:51","slug":"retratos-hablados-971","status":"publish","type":"post","link":"https:\/\/plazajuarez.mx\/historico\/retratos-hablados-971\/","title":{"rendered":"RETRATOS HABLADOS"},"content":{"rendered":"\n<ul class=\"wp-block-list\"><li><strong>AMLO, primera gira internacional<\/strong><\/li><li><strong>MINUTARIO: Jes\u00fas Murillo Karam<\/strong><\/li><\/ul>\n\n\n\n<!--more-->\n\n\n\n<p>El Presidente de la Rep\u00fablica, <strong>Andr\u00e9s Manuel L\u00f3pez Obrador<\/strong>, lleg\u00f3 ayer a territorio estadunidense para reunirse con su hom\u00f3logo de los Estados Unidos de Norteam\u00e9rica, <strong>Donald Trump<\/strong>. Su viaje desat\u00f3 una ola de cr\u00edticas, algunas propositivas pero buena parte lapidarias, en las que se destac\u00f3 su insistencia en el uso de una l\u00ednea comercial y no un avi\u00f3n de la Fuerza A\u00e9rea Mexicana o de la Fiscal\u00eda General de la Rep\u00fablica Mexicana. Es decir, un asunto menor cuando buscar a toda costa una buena relaci\u00f3n con el imperio del norte es una obligaci\u00f3n, guste o no, para el mandatario mexicano.<\/p>\n\n\n\n<p>La explotaci\u00f3n de lo anecd\u00f3tico, como que ahora s\u00ed usara tapabocas y se hiciera el examen del Covd-19, se multiplic\u00f3 en las redes sociales y en no pocos medios informativos pertenecientes a grandes cadenas en el pa\u00eds.<\/p>\n\n\n\n<p>Sin embargo, el primer viaje internacional de <strong>L\u00f3pez Obrador<\/strong> puede resultar un importante \u00e9xito si se deja guiar por el esp\u00edritu de <strong>Benito Ju\u00e1rez<\/strong>, y que nunca fundament\u00f3 su mandato en un enfrentamiento con el Presidente estadunidense en turno, porque en la m\u00e1s simple y primitiva l\u00f3gica es evidente que el \u00fanico perdedor ser\u00eda el pueblo mexicano.<\/p>\n\n\n\n<p>Si usa o no un avi\u00f3n presidencial tambi\u00e9n forma parte de lo anecd\u00f3tico, porque hoy como nunca intentar emular en lujos al jefe de la naci\u00f3n m\u00e1s poderosa del mundo para \u201cganar respeto\u201d, no sirve absolutamente para nada, y es real, cierto, que con todo y los errores cometidos en la atenci\u00f3n a la pandemia del coronavirus, al Presidente mexicano lo soporta la calidad moral de su gesti\u00f3n.<\/p>\n\n\n\n<p>Es cierto, la econom\u00eda no va del todo bien, pero ser\u00eda todav\u00eda peor si se hubiera decidido un choque frontal contra la naci\u00f3n americana. Porque nos guste o no, somos sus vecinos, y con todo y que la dependencia es mutua, en un enfrentamiento, por lo menos ahora y en muchos a\u00f1os, perdemos.<\/p>\n\n\n\n<p>Hoy seremos testigos del nivel como estadista que puede o no tener <strong>L\u00f3pez Obrador<\/strong>, porque lidiar con un demente como <strong>Trump<\/strong> no es f\u00e1cil, pero tambi\u00e9n puede ser muy f\u00e1cil si hay inteligencia de quien sale a domarlo.<\/p>\n\n\n\n<p>Y sin duda que el jefe de la naci\u00f3n mexicana tiene muchas, pero muchas horas de vuelo en la pol\u00edtica de resistencia, de sobrevivencia. Por el bien del pa\u00eds esperamos con optimismo ver al <strong>L\u00f3pez Obrador<\/strong> que sabe resistir, calcular y en su momento marcar con autoridad la dignidad del pueblo mexicano.<\/p>\n\n\n\n<p>Seremos testigos del encuentro de un millonario e ignorante Presidente <strong>Trump<\/strong>, carente de toda solvencia moral, t\u00edpico abusivo canalla, y de un Presidente surgido de la necesidad de una poblaci\u00f3n como la mexicana del cambio, de dar un vuelco completo a la pol\u00edtica aplicada en M\u00e9xico, siempre beneficiaria de un selecto grupo de sinverg\u00fcenzas como el propio <strong>Trump<\/strong>.<\/p>\n\n\n\n<p>No, no hay coincidencias de ning\u00fan tipo, pero bajo ninguna circunstancia puede acudir en calidad de buscador de pelea, porque perdemos, porque la realidad marca claramente que no hay forma de hacer frente a un imperio que aunque enfermo y moribundo por dentro, es capaz de aplastar cualquier reclamo.<\/p>\n\n\n\n<p>Esperamos con absoluta sinceridad, que le vaya bien a AMLO. No hay de otra.<\/p>\n\n\n\n<p><strong>JES\u00daS MURILLO KARAM<\/strong>.- Hay una nueva campa\u00f1a desatada en contra del ex Procurador General de la Rep\u00fablica, en la que se anuncia con poma y circunstancia que la \u201cverdad hist\u00f3rica\u201d ya se cay\u00f3. Tambi\u00e9n le enfilan investigaciones por supuestos manejos sospechosos de dinero. El hecho sin embargo es que sobre los desaparecidos de Ayotzinapa no hay nada nuevo, que no hay forma de tumbar la investigaci\u00f3n. Pero en estos tiempos que el esc\u00e1ndalo, real o ficticio, dispersa la atenci\u00f3n ciudadana, se echa mano de todo. <strong>Murillo Karam<\/strong> podr\u00e1 estar en el torbellino de muchos asuntos, pero nunca fue un funcionario inepto o incapaz. Todo lo contrario, se trata de los pocos pol\u00edticos inteligentes en todo el sentido de la palabra y con profundo respeto por las instituciones donde ha laborado. Vaya pues, no hay base alguna para manifestar que toda la investigaci\u00f3n fue errada, cuando muchos de los que hoy lo se\u00f1alan ni siquiera han le\u00eddo completas las miles de p\u00e1ginas del trabajo de investigaci\u00f3n que se realiz\u00f3. De nuevo el circo pol\u00edtico.<\/p>\n\n\n\n<p><strong>Mil gracias, hasta ma\u00f1ana.<\/strong><\/p>\n\n\n\n<p><a href=\"mailto:jeperalta@plazajuarez.mx\/historico\/historico\">jeperalta@plazajuarez.mx\/historico\/historico<\/a><\/p>\n\n\n\n<p>@JavierEPeralta<\/p>\n","protected":false},"excerpt":{"rendered":"<p>AMLO, primera gira internacional MINUTARIO: Jes\u00fas Murillo Karam<\/p>\n","protected":false},"author":10,"featured_media":0,"comment_status":"closed","ping_status":"open","sticky":false,"template":"","format":"standard","meta":{"footnotes":""},"categories":[49,42],"tags":[],"class_list":["post-122788","post","type-post","status-publish","format-standard","hentry","category-javier-peralta","category-nuestrapalabra"],"_links":{"self":[{"href":"https:\/\/plazajuarez.mx\/historico\/wp-json\/wp\/v2\/posts\/122788","targetHints":{"allow":["GET"]}}],"collection":[{"href":"https:\/\/plazajuarez.mx\/historico\/wp-json\/wp\/v2\/posts"}],"about":[{"href":"https:\/\/plazajuarez.mx\/historico\/wp-json\/wp\/v2\/types\/post"}],"author":[{"embeddable":true,"href":"https:\/\/plazajuarez.mx\/historico\/wp-json\/wp\/v2\/users\/10"}],"replies":[{"embeddable":true,"href":"https:\/\/plazajuarez.mx\/historico\/wp-json\/wp\/v2\/comments?post=122788"}],"version-history":[{"count":0,"href":"https:\/\/plazajuarez.mx\/historico\/wp-json\/wp\/v2\/posts\/122788\/revisions"}],"wp:attachment":[{"href":"https:\/\/plazajuarez.mx\/historico\/wp-json\/wp\/v2\/media?parent=122788"}],"wp:term":[{"taxonomy":"category","embeddable":true,"href":"https:\/\/plazajuarez.mx\/historico\/wp-json\/wp\/v2\/categories?post=122788"},{"taxonomy":"post_tag","embeddable":true,"href":"https:\/\/plazajuarez.mx\/historico\/wp-json\/wp\/v2\/tags?post=122788"}],"curies":[{"name":"wp","href":"https:\/\/api.w.org\/{rel}","templated":true}]}}