{"id":122780,"date":"2020-07-08T06:00:00","date_gmt":"2020-07-08T11:00:00","guid":{"rendered":"https:\/\/plazajuarez.mx\/?p=122780"},"modified":"2020-07-07T21:48:41","modified_gmt":"2020-07-08T02:48:41","slug":"jim-carrey-cuenta-en-una-novela-lo-que-queda-despues-de-la-fama","status":"publish","type":"post","link":"https:\/\/plazajuarez.mx\/historico\/jim-carrey-cuenta-en-una-novela-lo-que-queda-despues-de-la-fama\/","title":{"rendered":"Jim Carrey cuenta en una novela lo que queda despu\u00e9s de la fama"},"content":{"rendered":"\n<ul class=\"wp-block-list\"><li><strong>A la venta desde el d\u00eda de ayer en ingl\u00e9s, la edici\u00f3n espa\u00f1ola llegar\u00e1 el 25 de agosto, editada por Temas de Hoy<\/strong><\/li><\/ul>\n\n\n\n<!--more-->\n\n\n\n<p>Conocido por sus imitaciones y sus muecas imposibles, Jim Carrey era uno de los actores m\u00e1s populares del mundo a finales de los a\u00f1os noventa, pero la vida despu\u00e9s de la fama no es f\u00e1cil y eso es lo que cuenta en su novela autobiogr\u00e1fica &#8220;Recuerdos y desinformaci\u00f3n&#8221;.<\/p>\n\n\n\n<p>A la venta desde el d\u00eda de ayer en ingl\u00e9s, la edici\u00f3n espa\u00f1ola llegar\u00e1 el 25 de agosto, editada por Temas de Hoy, y mostrar\u00e1 &#8220;un viaje al coraz\u00f3n de esa f\u00e1brica de sue\u00f1os que es Hollywood, con sus despiadados agentes y sus vulnerables y fr\u00edvolas celebridades&#8221;.<\/p>\n\n\n\n<p>Es tambi\u00e9n, se\u00f1ala una nota de la editorial, &#8220;una desafiante novela semiautobiogr\u00e1fica, en la que lo real y lo imaginario se trenzan hasta explotar&#8221;.<\/p>\n\n\n\n<p>&#8220;Y es, ante todo, una valiente reflexi\u00f3n sobre el privilegio, la amistad, el amor, la adicci\u00f3n a la relevancia y la b\u00fasqueda del sentido en la vida&#8221;.<\/p>\n\n\n\n<p>La novela, coescrita por el actor y Dana Vachon, comienza con Carrey tumbado en la cama viendo Netflix. Se siente solo y ni siquiera los consejos de su mejor amigo, Nicolas Cage, consiguen sacarle de la depresi\u00f3n.<\/p>\n\n\n\n<p>&#8220;Nada de esto es real, pero todo es verdad&#8221;, asegura Jim Carrey en declaraciones recogidas el comunicado.<\/p>\n\n\n\n<p>Una novela que llega tres a\u00f1os despu\u00e9s del estreno en Venecia de un documental sobre el trabajo que realiz\u00f3 en 1999 para &#8220;Man on the Moon&#8221;, y en cuya presentaci\u00f3n ya mostr\u00f3 Carrey que estaba muy lejos de los personajes histri\u00f3nicos que le dieron la fama.<\/p>\n\n\n\n<p>&#8220;Creo que hay un personaje que ha estado interpret\u00e1ndome toda mi vida, en realidad no soy yo&#8221;, afirm\u00f3 en un discurso con mucho de filos\u00f3fico y alejado de sus habituales bromas. Una muestra de una compleja personalidad que tambi\u00e9n se refleja en su novela.<\/p>\n","protected":false},"excerpt":{"rendered":"<p>A la venta desde el d\u00eda de ayer en ingl\u00e9s, la edici\u00f3n espa\u00f1ola llegar\u00e1 el 25 de agosto, editada por Temas de Hoy<\/p>\n","protected":false},"author":80,"featured_media":0,"comment_status":"closed","ping_status":"open","sticky":false,"template":"","format":"standard","meta":{"footnotes":""},"categories":[41],"tags":[],"class_list":["post-122780","post","type-post","status-publish","format-standard","hentry","category-arteria-cultural"],"_links":{"self":[{"href":"https:\/\/plazajuarez.mx\/historico\/wp-json\/wp\/v2\/posts\/122780","targetHints":{"allow":["GET"]}}],"collection":[{"href":"https:\/\/plazajuarez.mx\/historico\/wp-json\/wp\/v2\/posts"}],"about":[{"href":"https:\/\/plazajuarez.mx\/historico\/wp-json\/wp\/v2\/types\/post"}],"author":[{"embeddable":true,"href":"https:\/\/plazajuarez.mx\/historico\/wp-json\/wp\/v2\/users\/80"}],"replies":[{"embeddable":true,"href":"https:\/\/plazajuarez.mx\/historico\/wp-json\/wp\/v2\/comments?post=122780"}],"version-history":[{"count":0,"href":"https:\/\/plazajuarez.mx\/historico\/wp-json\/wp\/v2\/posts\/122780\/revisions"}],"wp:attachment":[{"href":"https:\/\/plazajuarez.mx\/historico\/wp-json\/wp\/v2\/media?parent=122780"}],"wp:term":[{"taxonomy":"category","embeddable":true,"href":"https:\/\/plazajuarez.mx\/historico\/wp-json\/wp\/v2\/categories?post=122780"},{"taxonomy":"post_tag","embeddable":true,"href":"https:\/\/plazajuarez.mx\/historico\/wp-json\/wp\/v2\/tags?post=122780"}],"curies":[{"name":"wp","href":"https:\/\/api.w.org\/{rel}","templated":true}]}}