{"id":122758,"date":"2020-07-08T06:00:00","date_gmt":"2020-07-08T11:00:00","guid":{"rendered":"https:\/\/plazajuarez.mx\/?p=122758"},"modified":"2020-07-07T21:42:41","modified_gmt":"2020-07-08T02:42:41","slug":"empresarios-invitan-a-proteger-la-amazonia-para-preservar-negocios","status":"publish","type":"post","link":"https:\/\/plazajuarez.mx\/historico\/empresarios-invitan-a-proteger-la-amazonia-para-preservar-negocios\/","title":{"rendered":"Empresarios invitan a proteger La Amazon\u00eda, para preservar negocios"},"content":{"rendered":"\n<ul class=\"wp-block-list\"><li><strong>Dicen estar preocupados por la imagen de Brasil en el mundo<\/strong><\/li><\/ul>\n\n\n\n<!--more-->\n\n\n\n<p>Entre las firmantes est\u00e1n: cervecera Ambev, farmac\u00e9utica Bayer, banco Santander, Ita\u00fa y Bradesco, petrolera Shell&nbsp;<\/p>\n\n\n\n<p>EFE.- L\u00edderes de 38 grandes corporaciones enviaron una carta al vicepresidente de Brasil, Hamilton Mourao, en la que piden medidas m\u00e1s contundentes por parte del Gobierno para combatir la deforestaci\u00f3n ilegal en la Amazon\u00eda brasile\u00f1a y preservar as\u00ed la imagen del pa\u00eds en el extranjero.<\/p>\n\n\n\n<p>La misiva fue remitida la v\u00edspera al gabinete oficial de Mourao, quien est\u00e1 al frente del Consejo Nacional de la Amazon\u00eda Legal, y ser\u00e1 enviada este martes a otras autoridades brasile\u00f1as, entre ellas los presidentes del Supremo Tribunal Federal, Jos\u00e9 Antonio Dias Toffoli; de la C\u00e1mara de Diputados, Rodrigo Maia, y del Senado, Davi Alcolumbre.<\/p>\n\n\n\n<p>Los empresarios, reunidos bajo el paraguas del Consejo Empresarial Brasile\u00f1o para el Desarrollo Sostenible (CEBDS), han manifestado &#8220;preocupaci\u00f3n&#8221; con la imagen de Brasil en el exterior y los riesgos para el pa\u00eds ante la ausencia de pol\u00edticas ambientales eficaces por parte del Gobierno de Jair Bolsonaro.<\/p>\n\n\n\n<p>Entre las compa\u00f1\u00edas signatarias del documento figuran la cervecera Ambev, la farmac\u00e9utica Bayer, los bancos Santander, Ita\u00fa y Bradesco, la petrolera Shell y el gigante minero Vale.<\/p>\n","protected":false},"excerpt":{"rendered":"<p>Dicen estar preocupados por la imagen de Brasil en el mundo<\/p>\n","protected":false},"author":80,"featured_media":0,"comment_status":"closed","ping_status":"open","sticky":false,"template":"","format":"standard","meta":{"footnotes":""},"categories":[31],"tags":[],"class_list":["post-122758","post","type-post","status-publish","format-standard","hentry","category-orbe"],"_links":{"self":[{"href":"https:\/\/plazajuarez.mx\/historico\/wp-json\/wp\/v2\/posts\/122758","targetHints":{"allow":["GET"]}}],"collection":[{"href":"https:\/\/plazajuarez.mx\/historico\/wp-json\/wp\/v2\/posts"}],"about":[{"href":"https:\/\/plazajuarez.mx\/historico\/wp-json\/wp\/v2\/types\/post"}],"author":[{"embeddable":true,"href":"https:\/\/plazajuarez.mx\/historico\/wp-json\/wp\/v2\/users\/80"}],"replies":[{"embeddable":true,"href":"https:\/\/plazajuarez.mx\/historico\/wp-json\/wp\/v2\/comments?post=122758"}],"version-history":[{"count":0,"href":"https:\/\/plazajuarez.mx\/historico\/wp-json\/wp\/v2\/posts\/122758\/revisions"}],"wp:attachment":[{"href":"https:\/\/plazajuarez.mx\/historico\/wp-json\/wp\/v2\/media?parent=122758"}],"wp:term":[{"taxonomy":"category","embeddable":true,"href":"https:\/\/plazajuarez.mx\/historico\/wp-json\/wp\/v2\/categories?post=122758"},{"taxonomy":"post_tag","embeddable":true,"href":"https:\/\/plazajuarez.mx\/historico\/wp-json\/wp\/v2\/tags?post=122758"}],"curies":[{"name":"wp","href":"https:\/\/api.w.org\/{rel}","templated":true}]}}