{"id":122757,"date":"2020-07-08T06:00:00","date_gmt":"2020-07-08T11:00:00","guid":{"rendered":"https:\/\/plazajuarez.mx\/?p=122757"},"modified":"2020-07-07T21:39:36","modified_gmt":"2020-07-08T02:39:36","slug":"ghislaine-maxwell-contratado-como-defensor-de-lujo","status":"publish","type":"post","link":"https:\/\/plazajuarez.mx\/historico\/ghislaine-maxwell-contratado-como-defensor-de-lujo\/","title":{"rendered":"Ghislaine Maxwell, contratado como defensor de lujo"},"content":{"rendered":"\n<ul class=\"wp-block-list\"><li><strong>Su defensa ser\u00e1 Christian Everdell, ex fiscal adjunto, premiado por la captura de El Chapo<\/strong><\/li><\/ul>\n\n\n\n<!--more-->\n\n\n\n<p>Buscar\u00e1n que Maxwell coopere en el caso e implique a terceras personas, a cambio de beneficios.<\/p>\n\n\n\n<p>EFE.- La socialite brit\u00e1nica Ghislaine Maxwell, acusada en Nueva York de ayudar al fallecido del magnate Jeffrey Epstein en una trama de abuso sexual a menores, ha contratado para su defensa a Christian Everdell, un ex fiscal adjunto que fue premiado por su trabajo en la investigaci\u00f3n y captura del narcotraficante mexicano Joaqu\u00edn &#8220;El Chapo&#8221; Guzm\u00e1n.<\/p>\n\n\n\n<p>As\u00ed se desprende del documento m\u00e1s reciente publicado en el caso, una carta dirigida a la jueza federal Alison Nathan en la que su defensa dice que Maxwell ha accedido a presentarse de manera &#8220;remota&#8221; desde el Centro de Detenci\u00f3n Metropolitana de Brooklyn en la comparecencia de formulaci\u00f3n de cargos y que &#8220;todas las partes&#8221; est\u00e1n disponibles la ma\u00f1ana del 14 de julio.<\/p>\n\n\n\n<p>La carta est\u00e1 firmada por Christian Everdell y Mark Cohen, del bufete de abogados internacional Cohen &amp; Gresser, especializado en litigios de alto perfil, que incluyen instituciones financieras y grandes empresas.<\/p>\n","protected":false},"excerpt":{"rendered":"<p>Su defensa ser\u00e1 Christian Everdell, ex fiscal adjunto, premiado por la captura de El Chapo<\/p>\n","protected":false},"author":80,"featured_media":0,"comment_status":"closed","ping_status":"open","sticky":false,"template":"","format":"standard","meta":{"footnotes":""},"categories":[31],"tags":[],"class_list":["post-122757","post","type-post","status-publish","format-standard","hentry","category-orbe"],"_links":{"self":[{"href":"https:\/\/plazajuarez.mx\/historico\/wp-json\/wp\/v2\/posts\/122757","targetHints":{"allow":["GET"]}}],"collection":[{"href":"https:\/\/plazajuarez.mx\/historico\/wp-json\/wp\/v2\/posts"}],"about":[{"href":"https:\/\/plazajuarez.mx\/historico\/wp-json\/wp\/v2\/types\/post"}],"author":[{"embeddable":true,"href":"https:\/\/plazajuarez.mx\/historico\/wp-json\/wp\/v2\/users\/80"}],"replies":[{"embeddable":true,"href":"https:\/\/plazajuarez.mx\/historico\/wp-json\/wp\/v2\/comments?post=122757"}],"version-history":[{"count":0,"href":"https:\/\/plazajuarez.mx\/historico\/wp-json\/wp\/v2\/posts\/122757\/revisions"}],"wp:attachment":[{"href":"https:\/\/plazajuarez.mx\/historico\/wp-json\/wp\/v2\/media?parent=122757"}],"wp:term":[{"taxonomy":"category","embeddable":true,"href":"https:\/\/plazajuarez.mx\/historico\/wp-json\/wp\/v2\/categories?post=122757"},{"taxonomy":"post_tag","embeddable":true,"href":"https:\/\/plazajuarez.mx\/historico\/wp-json\/wp\/v2\/tags?post=122757"}],"curies":[{"name":"wp","href":"https:\/\/api.w.org\/{rel}","templated":true}]}}