{"id":122755,"date":"2020-07-08T06:00:00","date_gmt":"2020-07-08T11:00:00","guid":{"rendered":"https:\/\/plazajuarez.mx\/?p=122755"},"modified":"2020-07-07T21:41:31","modified_gmt":"2020-07-08T02:41:31","slug":"un-dia-en-la-mariachi-plaza-de-eu","status":"publish","type":"post","link":"https:\/\/plazajuarez.mx\/historico\/un-dia-en-la-mariachi-plaza-de-eu\/","title":{"rendered":"Un d\u00eda en la &#8220;Mariachi Plaza&#8221; de EU"},"content":{"rendered":"\n<ul class=\"wp-block-list\"><li><strong>Es el coraz\u00f3n de EU que late con M\u00e9xico<\/strong><\/li><\/ul>\n\n\n\n<!--more-->\n\n\n\n<p class=\"wp-block-paragraph\">Ha servido de puente entre M\u00e9xico y EU<\/p>\n\n\n\n<p class=\"wp-block-paragraph\">EFE.- Antes de la pandemia, decenas de m\u00fasicos de Los \u00c1ngeles se reun\u00edan en Mariachi Plaza, lugar de encuentro del barrio latino Boyle Heights y emblema para &#8220;chicanos&#8221; de la ciudad californiana que durante d\u00e9cadas ha servido de puente entre M\u00e9xico y EU<\/p>\n\n\n\n<p class=\"wp-block-paragraph\">Cualquier mediod\u00eda normal en este rinc\u00f3n de Los \u00c1ngeles, cantantes, trompetistas y guitarristas vest\u00edan trajes regionales mientras esperaban ser contratados para alg\u00fan espect\u00e1culo o sorpresa; ahora, el virus ha paralizado esa imagen, pero la vida en la segunda ciudad m\u00e1s poblada del pa\u00eds contin\u00faa con el ritmo de su m\u00fasica.<\/p>\n\n\n\n<p class=\"wp-block-paragraph\">En una \u00e1rea metropolitana de m\u00e1s de 12 millones de habitantes, extremadamente diversa y donde casi el 50% se identifica como &#8220;latino o hispano&#8221; hay barrios como \u00e9ste en el que el \u00faltimo censo estim\u00f3 que ese porcentaje es del 90%. En su inmensa mayor\u00eda procedentes o con ra\u00edces en M\u00e9xico.<\/p>\n\n\n\n<p class=\"wp-block-paragraph\">Taquer\u00edas, cantinas, tiendas de deportes con im\u00e1genes de futbolistas y luchadores&#8230; son estampas habituales de Los \u00c1ngeles, menos medi\u00e1ticas que las fotograf\u00edas de Beverly Hills o Hollywood -y toda la mitolog\u00eda que les acompa\u00f1a- pero, tambi\u00e9n, muy representativas sobre la realidad de EU.<\/p>\n\n\n\n<p class=\"wp-block-paragraph\">&#8220;Nac\u00ed en M\u00e9xico pero siempre he vivido aqu\u00ed, desde peque\u00f1a. Mis padres vivieron aqu\u00ed, he crecido, me cas\u00e9 y tengo mi trabajo aqu\u00ed&#8221;, comenta Minerva en perfecto espa\u00f1ol. En esta zona lo complicado es dar con alguien que no hable el idioma.<\/p>\n\n\n\n<p class=\"wp-block-paragraph\"><strong>LOS PIES EN EU, LA MIRADA EN M\u00c9XICO<\/strong><\/p>\n\n\n\n<p class=\"wp-block-paragraph\">Minerva atiende con su marido un negocio en el que vende horchata, aguas frescas, helados, tostadas y otros platos.<\/p>\n\n\n\n<p class=\"wp-block-paragraph\">Antes del coronavirus, los mariachis eran su clientela habitual de este local situado frente al tradicional &#8220;quiosco&#8221; -escenario- que el estado de Jalisco don\u00f3 en 1998 para que la Plaza Mariachi se uniera con la m\u00edtica Plaza Garibaldi de Ciudad de M\u00e9xico.<\/p>\n\n\n\n<p class=\"wp-block-paragraph\">&#8220;Los m\u00fasicos eran el 60% de mis clientes y ahora no trabajan y tampoco vienen&#8221;, se\u00f1ala.<\/p>\n","protected":false},"excerpt":{"rendered":"<p>Es el coraz\u00f3n de EU que late con M\u00e9xico<\/p>\n","protected":false},"author":80,"featured_media":0,"comment_status":"closed","ping_status":"open","sticky":false,"template":"","format":"standard","meta":{"footnotes":""},"categories":[31],"tags":[],"class_list":["post-122755","post","type-post","status-publish","format-standard","hentry","category-orbe"],"_links":{"self":[{"href":"https:\/\/plazajuarez.mx\/historico\/wp-json\/wp\/v2\/posts\/122755","targetHints":{"allow":["GET"]}}],"collection":[{"href":"https:\/\/plazajuarez.mx\/historico\/wp-json\/wp\/v2\/posts"}],"about":[{"href":"https:\/\/plazajuarez.mx\/historico\/wp-json\/wp\/v2\/types\/post"}],"author":[{"embeddable":true,"href":"https:\/\/plazajuarez.mx\/historico\/wp-json\/wp\/v2\/users\/80"}],"replies":[{"embeddable":true,"href":"https:\/\/plazajuarez.mx\/historico\/wp-json\/wp\/v2\/comments?post=122755"}],"version-history":[{"count":0,"href":"https:\/\/plazajuarez.mx\/historico\/wp-json\/wp\/v2\/posts\/122755\/revisions"}],"wp:attachment":[{"href":"https:\/\/plazajuarez.mx\/historico\/wp-json\/wp\/v2\/media?parent=122755"}],"wp:term":[{"taxonomy":"category","embeddable":true,"href":"https:\/\/plazajuarez.mx\/historico\/wp-json\/wp\/v2\/categories?post=122755"},{"taxonomy":"post_tag","embeddable":true,"href":"https:\/\/plazajuarez.mx\/historico\/wp-json\/wp\/v2\/tags?post=122755"}],"curies":[{"name":"wp","href":"https:\/\/api.w.org\/{rel}","templated":true}]}}