{"id":122754,"date":"2020-07-08T06:00:00","date_gmt":"2020-07-08T11:00:00","guid":{"rendered":"https:\/\/plazajuarez.mx\/?p=122754"},"modified":"2020-07-07T21:38:36","modified_gmt":"2020-07-08T02:38:36","slug":"bolsonaro-el-negacionista-covid-esta-contagiado","status":"publish","type":"post","link":"https:\/\/plazajuarez.mx\/historico\/bolsonaro-el-negacionista-covid-esta-contagiado\/","title":{"rendered":"Bolsonaro el negacionista-Covid, est\u00e1 contagiado"},"content":{"rendered":"\n<ul class=\"wp-block-list\"><li><strong>Dice estar &#8220;bien&#8221; y &#8220;sin p\u00e1nico&#8221;<\/strong><\/li><\/ul>\n\n\n\n<!--more-->\n\n\n\n<p class=\"wp-block-paragraph\">EFE.- El presidente brasile\u00f1o, Jair Bolsonaro, de 65 a\u00f1os y un rabioso negacionista del coronavirus, que lo lleg\u00f3 a tildar de &#8220;gripecita&#8221;, dio positivo al Covid-19, aunque asegur\u00f3 que se siente &#8220;bien&#8221; y que recibi\u00f3 el resultado &#8220;sin p\u00e1nico&#8221;.<\/p>\n\n\n\n<p class=\"wp-block-paragraph\">Despu\u00e9s de meses desafiando al virus casi a diario, el mandatario inform\u00f3 en persona a un grupo de periodistas situados a menos de dos metros de distancia sobre el resultado del examen al que se someti\u00f3 la v\u00edspera, que lo incluye en una l\u00fagubre estad\u00edstica que suma en Brasil, unos 1,6 millones de casos, con cerca de 70.000 muertes.<\/p>\n\n\n\n<p class=\"wp-block-paragraph\">&#8220;Confieso que cre\u00ed haberlo contra\u00eddo hace unos meses&#8221; debido a su &#8220;din\u00e1mica actividad&#8221; y &#8220;permanente contacto con el pueblo&#8221;, dijo el mandatario, quien agreg\u00f3 que se siente &#8220;perfectamente bien&#8221; y que ya se trata con cloroquina, un antipal\u00fadico cuya eficacia contra el coronavirus defiende pese a las dudas que existen en la ciencia.<\/p>\n\n\n\n<p class=\"wp-block-paragraph\"><strong>COVID-19 DE BOLSONARO; \u201cTODOS SOMOS VULNERABLES\u201d: OMS<\/strong><\/p>\n\n\n\n<p class=\"wp-block-paragraph\">La Organizaci\u00f3n Mundial de la Salud subray\u00f3 que el positivo por Covid-19 confirmado en el presidente brasile\u00f1o, Jair Bolsonaro, muestra que &#8220;nadie es especial, todos estamos potencialmente expuestos y somos igualmente vulnerables&#8221;.<\/p>\n\n\n\n<p class=\"wp-block-paragraph\">&#8220;Le deseamos una recuperaci\u00f3n r\u00e1pida y completa&#8221;, a\u00f1adi\u00f3 el experto irland\u00e9s, quien record\u00f3 que no es el primer l\u00edder pol\u00edtico mundial afectado por la pandemia y subray\u00f3 que Brasil &#8220;afronta dif\u00edciles momentos, aunque sus cifras se hayan estabilizado en los \u00faltimos d\u00edas&#8221;.<\/p>\n","protected":false},"excerpt":{"rendered":"<p>Dice estar &#8220;bien&#8221; y &#8220;sin p\u00e1nico&#8221;<\/p>\n","protected":false},"author":80,"featured_media":0,"comment_status":"closed","ping_status":"open","sticky":false,"template":"","format":"standard","meta":{"footnotes":""},"categories":[31],"tags":[],"class_list":["post-122754","post","type-post","status-publish","format-standard","hentry","category-orbe"],"_links":{"self":[{"href":"https:\/\/plazajuarez.mx\/historico\/wp-json\/wp\/v2\/posts\/122754","targetHints":{"allow":["GET"]}}],"collection":[{"href":"https:\/\/plazajuarez.mx\/historico\/wp-json\/wp\/v2\/posts"}],"about":[{"href":"https:\/\/plazajuarez.mx\/historico\/wp-json\/wp\/v2\/types\/post"}],"author":[{"embeddable":true,"href":"https:\/\/plazajuarez.mx\/historico\/wp-json\/wp\/v2\/users\/80"}],"replies":[{"embeddable":true,"href":"https:\/\/plazajuarez.mx\/historico\/wp-json\/wp\/v2\/comments?post=122754"}],"version-history":[{"count":0,"href":"https:\/\/plazajuarez.mx\/historico\/wp-json\/wp\/v2\/posts\/122754\/revisions"}],"wp:attachment":[{"href":"https:\/\/plazajuarez.mx\/historico\/wp-json\/wp\/v2\/media?parent=122754"}],"wp:term":[{"taxonomy":"category","embeddable":true,"href":"https:\/\/plazajuarez.mx\/historico\/wp-json\/wp\/v2\/categories?post=122754"},{"taxonomy":"post_tag","embeddable":true,"href":"https:\/\/plazajuarez.mx\/historico\/wp-json\/wp\/v2\/tags?post=122754"}],"curies":[{"name":"wp","href":"https:\/\/api.w.org\/{rel}","templated":true}]}}