{"id":122751,"date":"2020-07-08T06:00:00","date_gmt":"2020-07-08T11:00:00","guid":{"rendered":"https:\/\/plazajuarez.mx\/?p=122751"},"modified":"2020-07-07T21:22:29","modified_gmt":"2020-07-08T02:22:29","slug":"van-en-serio-las-pretensiones-politicas-de-west","status":"publish","type":"post","link":"https:\/\/plazajuarez.mx\/historico\/van-en-serio-las-pretensiones-politicas-de-west\/","title":{"rendered":"\u00bfVan en serio las pretensiones pol\u00edticas de West?"},"content":{"rendered":"\n<ul class=\"wp-block-list\"><li><strong>West ya hab\u00eda especulado sobre su incursi\u00f3n en la pol\u00edtica en varias entrevistas y discursos grandilocuentes de galas de premios.<\/strong><\/li><\/ul>\n\n\n\n<!--more-->\n\n\n\n<p class=\"wp-block-paragraph\">Despu\u00e9s de que el rapero y eterno polemista Kanye West anunciara, el D\u00eda de la Independencia de Estados Unidos, su intenci\u00f3n de presentarse a las elecciones presidenciales, muchos se preguntan si hay posibilidades reales o todo encaja en una maniobra de promoci\u00f3n personal.<\/p>\n\n\n\n<p class=\"wp-block-paragraph\">Por surrealista que parezca en otras partes del mundo, la noticia no desenton\u00f3 tanto en un pa\u00eds que posee un variado historial de celebridades del entretenimiento que han dado el salto a la pol\u00edtica, con Ronald Reagan, Arnold Schwarzenegger, Clint Eastwood y el propio Donald Trump como fichajes destacados.<\/p>\n\n\n\n<p class=\"wp-block-paragraph\">Adem\u00e1s, West ya hab\u00eda especulado sobre su incursi\u00f3n en la pol\u00edtica en varias entrevistas y discursos grandilocuentes de galas de premios.<\/p>\n\n\n\n<p class=\"wp-block-paragraph\">Pero el aviso reciente es el m\u00e1s firme hasta la fecha: En una fecha se\u00f1alada, con el lema &#8220;2020 VISION&#8221; y, esta vez s\u00ed, respaldado por su medi\u00e1tica esposa Kim Kardashian West.<\/p>\n\n\n\n<p class=\"wp-block-paragraph\">\u00bfVa en serio en la pol\u00edtica? Pues, en principio, no lo parece.<\/p>\n","protected":false},"excerpt":{"rendered":"<p>West ya hab\u00eda especulado sobre su incursi\u00f3n en la pol\u00edtica en varias entrevistas y discursos grandilocuentes de galas de premios.<\/p>\n","protected":false},"author":80,"featured_media":0,"comment_status":"closed","ping_status":"open","sticky":false,"template":"","format":"standard","meta":{"footnotes":""},"categories":[38],"tags":[],"class_list":["post-122751","post","type-post","status-publish","format-standard","hentry","category-show"],"_links":{"self":[{"href":"https:\/\/plazajuarez.mx\/historico\/wp-json\/wp\/v2\/posts\/122751","targetHints":{"allow":["GET"]}}],"collection":[{"href":"https:\/\/plazajuarez.mx\/historico\/wp-json\/wp\/v2\/posts"}],"about":[{"href":"https:\/\/plazajuarez.mx\/historico\/wp-json\/wp\/v2\/types\/post"}],"author":[{"embeddable":true,"href":"https:\/\/plazajuarez.mx\/historico\/wp-json\/wp\/v2\/users\/80"}],"replies":[{"embeddable":true,"href":"https:\/\/plazajuarez.mx\/historico\/wp-json\/wp\/v2\/comments?post=122751"}],"version-history":[{"count":0,"href":"https:\/\/plazajuarez.mx\/historico\/wp-json\/wp\/v2\/posts\/122751\/revisions"}],"wp:attachment":[{"href":"https:\/\/plazajuarez.mx\/historico\/wp-json\/wp\/v2\/media?parent=122751"}],"wp:term":[{"taxonomy":"category","embeddable":true,"href":"https:\/\/plazajuarez.mx\/historico\/wp-json\/wp\/v2\/categories?post=122751"},{"taxonomy":"post_tag","embeddable":true,"href":"https:\/\/plazajuarez.mx\/historico\/wp-json\/wp\/v2\/tags?post=122751"}],"curies":[{"name":"wp","href":"https:\/\/api.w.org\/{rel}","templated":true}]}}