{"id":122724,"date":"2020-07-08T06:00:00","date_gmt":"2020-07-08T11:00:00","guid":{"rendered":"https:\/\/plazajuarez.mx\/?p=122724"},"modified":"2020-07-07T21:09:17","modified_gmt":"2020-07-08T02:09:17","slug":"el-uruguayo-siboldi-afirma-que-cruz-azul-busca-un-central-por-izquierda","status":"publish","type":"post","link":"https:\/\/plazajuarez.mx\/historico\/el-uruguayo-siboldi-afirma-que-cruz-azul-busca-un-central-por-izquierda\/","title":{"rendered":"El uruguayo Siboldi afirma que Cruz Azul busca un central por izquierda"},"content":{"rendered":"\n<ul class=\"wp-block-list\"><li><strong>El torneo pasado, La M\u00e1quina fue el mejor equipo del torneo y busca reafirmar su hegemon\u00eda con la nueva Liga MX<\/strong><\/li><\/ul>\n\n\n\n<!--more-->\n\n\n\n<p>(EFE).- Robert Dante Siboldi, entrenador del Cruz Azul, acept\u00f3 que su equipo a\u00fan est\u00e1 en busca de un defensa central zurdo que venga a complementar la l\u00ednea defensiva de &#8216;La M\u00e1quina&#8217;.<\/p>\n\n\n\n<p>&#8220;Hay una realidad: en la defensiva estamos buscando un central zurdo y que adem\u00e1s pueda cumplir con la posici\u00f3n de lateral moment\u00e1neo, por ese lado; no para sacar a alguien, sino para complementar. Si no encontramos ese perfil seguiremos esperando&#8221;, confes\u00f3 el t\u00e9cnico.<\/p>\n\n\n\n<p>El estratega explic\u00f3 que por eso Cruz Azul contrat\u00f3 al centrocampista uruguayo Ignacio Rivero, quien jugaba para Xolos, donde jug\u00f3 como titular tanto el Apertura 2019 como las 10 jornadas del Clausura 2020, antes del par\u00f3n por el COVID-19.<\/p>\n\n\n\n<p>&#8220;Nacho tiene una gran ventaja, puede jugar en varias posiciones, por eso adquirimos a ese jugador, Nacho nos va a aportar mucho y vino por precauciones, por las lesiones que pueden llegar, tenemos, por ejemplo, la de Pablo, a quien no queremos apresurar en su regreso&#8221;.<\/p>\n","protected":false},"excerpt":{"rendered":"<p>El torneo pasado, La M\u00e1quina fue el mejor equipo del torneo y busca reafirmar su hegemon\u00eda con la nueva Liga MX<\/p>\n","protected":false},"author":80,"featured_media":0,"comment_status":"closed","ping_status":"open","sticky":false,"template":"","format":"standard","meta":{"footnotes":""},"categories":[39],"tags":[],"class_list":["post-122724","post","type-post","status-publish","format-standard","hentry","category-deportiva"],"_links":{"self":[{"href":"https:\/\/plazajuarez.mx\/historico\/wp-json\/wp\/v2\/posts\/122724","targetHints":{"allow":["GET"]}}],"collection":[{"href":"https:\/\/plazajuarez.mx\/historico\/wp-json\/wp\/v2\/posts"}],"about":[{"href":"https:\/\/plazajuarez.mx\/historico\/wp-json\/wp\/v2\/types\/post"}],"author":[{"embeddable":true,"href":"https:\/\/plazajuarez.mx\/historico\/wp-json\/wp\/v2\/users\/80"}],"replies":[{"embeddable":true,"href":"https:\/\/plazajuarez.mx\/historico\/wp-json\/wp\/v2\/comments?post=122724"}],"version-history":[{"count":0,"href":"https:\/\/plazajuarez.mx\/historico\/wp-json\/wp\/v2\/posts\/122724\/revisions"}],"wp:attachment":[{"href":"https:\/\/plazajuarez.mx\/historico\/wp-json\/wp\/v2\/media?parent=122724"}],"wp:term":[{"taxonomy":"category","embeddable":true,"href":"https:\/\/plazajuarez.mx\/historico\/wp-json\/wp\/v2\/categories?post=122724"},{"taxonomy":"post_tag","embeddable":true,"href":"https:\/\/plazajuarez.mx\/historico\/wp-json\/wp\/v2\/tags?post=122724"}],"curies":[{"name":"wp","href":"https:\/\/api.w.org\/{rel}","templated":true}]}}