{"id":122722,"date":"2020-07-08T06:00:00","date_gmt":"2020-07-08T11:00:00","guid":{"rendered":"https:\/\/plazajuarez.mx\/?p=122722"},"modified":"2020-07-07T21:10:40","modified_gmt":"2020-07-08T02:10:40","slug":"rafael-marquez-avala-la-llegada-de-renato-ibarra-al-atlas","status":"publish","type":"post","link":"https:\/\/plazajuarez.mx\/historico\/rafael-marquez-avala-la-llegada-de-renato-ibarra-al-atlas\/","title":{"rendered":"Rafael M\u00e1rquez avala la llegada de Renato Ibarra al Atlas"},"content":{"rendered":"\n<ul class=\"wp-block-list\"><li><strong>Renato Ibarra agredi\u00f3 a su expareja Lucely Chal\u00e1, lo que lo llev\u00f3 a pasar d\u00edas en el Reclusorio<\/strong><\/li><\/ul>\n\n\n\n<!--more-->\n\n\n\n<p>(EL UNIVERSAL).- Para Rafael M\u00e1rquez lo que pas\u00f3 con Renato Ibarra ya qued\u00f3 atr\u00e1s y espera que el futbolista se enfoque en su nuevo equipo, el Atlas.<\/p>\n\n\n\n<p>&#8220;Futbol\u00edsticamente es un jugador que marca diferencia, y que despu\u00e9s de lo que haya pasado, pues que no vuelva a suceder y se enfoque en lo futbol\u00edstico, en lo profesional y se pueda reivindicar de esa manera de toda esa imagen que tenemos de \u00e9l&#8221;.<\/p>\n\n\n\n<p>Eligi\u00f3 al Atlas por, &#8220;darle est\u00e1 segunda oportunidad&#8221;, pero aclaro que no est\u00e1 en nada de acuerdo, &#8220;con lo que sucedi\u00f3&#8221;.<\/p>\n\n\n\n<p>Renato Ibarra agredi\u00f3 a su expareja Lucely Chal\u00e1, lo que lo llev\u00f3 a pasar d\u00edas en el Reclusorio, para despu\u00e9s mediante un acuerdo econ\u00f3mico salir libre. Al no tener cabida en el Am\u00e9rica, fue prestado al Atlas por un a\u00f1o.<\/p>\n\n\n\n<p>M\u00e1rquez aval\u00f3 el regreso de Ibarra pero critic\u00f3 las \u00faltimas decisiones de la Liga MX, como la de desaparecer el Ascenso y la creaci\u00f3n expr\u00e9s de Liga de Expansi\u00f3n.<\/p>\n\n\n\n<p>&#8220;Me da tristeza c\u00f3mo se maneja el futbol mexicano. Vemos otras ligas como la MLS, que en cada momento est\u00e1 mejor y si no nos ha superado, seguramente nos va a pasar. Tiene una organizaci\u00f3n seria y aqu\u00ed son diferentes, no piensan en un mismo objetivo. Cada quien en su beneficio y eso afecta al futbol. Pero tengo esperanza de que quiz\u00e1 ma\u00f1ana, podamos tomar decisiones en beneficio de nuestro futbol mexicano&#8221;.<\/p>\n\n\n\n<p>Para el cinco veces mundialista, &#8220;cada vez existen m\u00e1s puntos que perjudican m\u00e1s que beneficiar al desarrollo del futbol. Son decisiones econ\u00f3micas pero no es el punto de declarar esto, ya lo he dicho y conocen mi punto de vista. Puede ser que s\u00ed le hayan quitado escalones para poder llegar, pero hay que pensar positivo y ojal\u00e1 \u00e9sta Liga de Desarrollo pueda proyectar a quienes tengan calidad, que puedan cumplir su sue\u00f1o en Primera Divisi\u00f3n&#8221;.<\/p>\n","protected":false},"excerpt":{"rendered":"<p>Renato Ibarra agredi\u00f3 a su expareja Lucely Chal\u00e1, lo que lo llev\u00f3 a pasar d\u00edas en el Reclusorio<\/p>\n","protected":false},"author":81,"featured_media":0,"comment_status":"closed","ping_status":"open","sticky":false,"template":"","format":"standard","meta":{"footnotes":""},"categories":[39],"tags":[],"class_list":["post-122722","post","type-post","status-publish","format-standard","hentry","category-deportiva"],"_links":{"self":[{"href":"https:\/\/plazajuarez.mx\/historico\/wp-json\/wp\/v2\/posts\/122722","targetHints":{"allow":["GET"]}}],"collection":[{"href":"https:\/\/plazajuarez.mx\/historico\/wp-json\/wp\/v2\/posts"}],"about":[{"href":"https:\/\/plazajuarez.mx\/historico\/wp-json\/wp\/v2\/types\/post"}],"author":[{"embeddable":true,"href":"https:\/\/plazajuarez.mx\/historico\/wp-json\/wp\/v2\/users\/81"}],"replies":[{"embeddable":true,"href":"https:\/\/plazajuarez.mx\/historico\/wp-json\/wp\/v2\/comments?post=122722"}],"version-history":[{"count":0,"href":"https:\/\/plazajuarez.mx\/historico\/wp-json\/wp\/v2\/posts\/122722\/revisions"}],"wp:attachment":[{"href":"https:\/\/plazajuarez.mx\/historico\/wp-json\/wp\/v2\/media?parent=122722"}],"wp:term":[{"taxonomy":"category","embeddable":true,"href":"https:\/\/plazajuarez.mx\/historico\/wp-json\/wp\/v2\/categories?post=122722"},{"taxonomy":"post_tag","embeddable":true,"href":"https:\/\/plazajuarez.mx\/historico\/wp-json\/wp\/v2\/tags?post=122722"}],"curies":[{"name":"wp","href":"https:\/\/api.w.org\/{rel}","templated":true}]}}