{"id":122721,"date":"2020-07-08T06:00:00","date_gmt":"2020-07-08T11:00:00","guid":{"rendered":"https:\/\/plazajuarez.mx\/?p=122721"},"modified":"2020-07-07T21:08:15","modified_gmt":"2020-07-08T02:08:15","slug":"dwight-howard-jugara-en-el-reinicio-de-la-nba","status":"publish","type":"post","link":"https:\/\/plazajuarez.mx\/historico\/dwight-howard-jugara-en-el-reinicio-de-la-nba\/","title":{"rendered":"Dwight Howard jugar\u00e1 en el reinicio de la NBA"},"content":{"rendered":"\n<ul class=\"wp-block-list\"><li><strong>El exjugador del Magic fue una de las voces m\u00e1s fuertes en la NBA sobre el movimiento Black Lives Matter<\/strong><\/li><\/ul>\n\n\n\n<!--more-->\n\n\n\n<p>(EL UNIVERSAL).- El centro de los Lakers de Los \u00c1ngeles y una de las estrellas del equipo, Dwight Howard, confirm\u00f3 que jugar\u00e1 en el reinicio de la temporada de la NBA, pese a que fue uno de los jugadores que hab\u00eda puesto en duda su participaci\u00f3n por la lucha para eliminar el racismo y las preocupaciones por enfermar de Covid-19.<\/p>\n\n\n\n<p>&#8220;S\u00ed, me unir\u00e9 a mi equipo en Orlando&#8221;, dijo, en una entrevista con la cadena CNN. &#8220;Pero durante ese tiempo haremos mucho trabajo aqu\u00ed en Atlanta y en todo el pa\u00eds para asegurarnos de que la gente no se olvide de nosotros y de lo que est\u00e1 sucediendo&#8221;.<\/p>\n\n\n\n<p>El exjugador del Magic fue una de las voces m\u00e1s fuertes en la NBA sobre el movimiento Black Lives Matter, que busca erradicar el racismo y que a su vez surgi\u00f3 desde el asesinato del ciudadano afroamericano George Floyd a manos del polic\u00eda Blanco Derek Chauvin.<\/p>\n\n\n\n<p>Howard dijo que donar\u00e1 todo el dinero que gane en el reinicio de la campa\u00f1a, para asociaciones ben\u00e9ficas que luchan contra el racismo.<\/p>\n\n\n\n<p>El centro de 34 a\u00f1os jugar\u00e1 pese a que tiene una situaci\u00f3n familiar sensible. <\/p>\n\n\n\n<p>La madre de su hijo de seis a\u00f1os muri\u00f3 el 27 de marzo despu\u00e9s de sufrir una convulsi\u00f3n epil\u00e9ptica en su casa en Calabasas.<\/p>\n","protected":false},"excerpt":{"rendered":"<p>El exjugador del Magic fue una de las voces m\u00e1s fuertes en la NBA sobre el movimiento Black Lives Matter<\/p>\n","protected":false},"author":81,"featured_media":0,"comment_status":"closed","ping_status":"open","sticky":false,"template":"","format":"standard","meta":{"footnotes":""},"categories":[39],"tags":[],"class_list":["post-122721","post","type-post","status-publish","format-standard","hentry","category-deportiva"],"_links":{"self":[{"href":"https:\/\/plazajuarez.mx\/historico\/wp-json\/wp\/v2\/posts\/122721","targetHints":{"allow":["GET"]}}],"collection":[{"href":"https:\/\/plazajuarez.mx\/historico\/wp-json\/wp\/v2\/posts"}],"about":[{"href":"https:\/\/plazajuarez.mx\/historico\/wp-json\/wp\/v2\/types\/post"}],"author":[{"embeddable":true,"href":"https:\/\/plazajuarez.mx\/historico\/wp-json\/wp\/v2\/users\/81"}],"replies":[{"embeddable":true,"href":"https:\/\/plazajuarez.mx\/historico\/wp-json\/wp\/v2\/comments?post=122721"}],"version-history":[{"count":0,"href":"https:\/\/plazajuarez.mx\/historico\/wp-json\/wp\/v2\/posts\/122721\/revisions"}],"wp:attachment":[{"href":"https:\/\/plazajuarez.mx\/historico\/wp-json\/wp\/v2\/media?parent=122721"}],"wp:term":[{"taxonomy":"category","embeddable":true,"href":"https:\/\/plazajuarez.mx\/historico\/wp-json\/wp\/v2\/categories?post=122721"},{"taxonomy":"post_tag","embeddable":true,"href":"https:\/\/plazajuarez.mx\/historico\/wp-json\/wp\/v2\/tags?post=122721"}],"curies":[{"name":"wp","href":"https:\/\/api.w.org\/{rel}","templated":true}]}}