{"id":122720,"date":"2020-07-08T06:00:00","date_gmt":"2020-07-08T11:00:00","guid":{"rendered":"https:\/\/plazajuarez.mx\/?p=122720"},"modified":"2020-07-07T21:04:53","modified_gmt":"2020-07-08T02:04:53","slug":"atraparon-a-2-por-cometer-robo-en-colegio-particular","status":"publish","type":"post","link":"https:\/\/plazajuarez.mx\/historico\/atraparon-a-2-por-cometer-robo-en-colegio-particular\/","title":{"rendered":"Atraparon a 2 por cometer robo en colegio particular"},"content":{"rendered":"\n<ul class=\"wp-block-list\"><li><strong>Los hechos se registraron en un colegio particular ubicado sobre Avenida Magisterio<\/strong><\/li><\/ul>\n\n\n\n<!--more-->\n\n\n\n<p>Agentes de la Secretar\u00eda de Seguridad P\u00fablica de Hidalgo, aseguraron a dos personas presuntamente relacionadas con el robo en un plantel educativo, en el municipio de Mineral de la Reforma.<\/p>\n\n\n\n<p>Los hechos se registraron en un colegio particular ubicado sobre Avenida Magisterio, a la altura del Fraccionamiento Rincones del Para\u00edso, donde un hombre y una mujer fueron sorprendidos por los oficiales estatales, en coordinaci\u00f3n con el C5i de Hidalgo.<\/p>\n\n\n\n<p>Se trata, de quienes se identificaron como I.H.S., y E.B.R., de 32 y 48 a\u00f1os de edad, vecinos de la colonia de Santa Matilde, quienes ten\u00edan en su poder tuber\u00eda de cobre de diversos tama\u00f1os, presuntamente sustra\u00edda del recinto educativo.<\/p>\n\n\n\n<p>La pareja detenida, fue trasladada a las instalaciones de la Agencia de Seguridad Estatal y puesta a disposici\u00f3n del Ministerio P\u00fablico del fuero com\u00fan, relacionada con la carpeta de investigaci\u00f3n correspondiente.<\/p>\n\n\n\n<p>Se hace llamado a la ciudadan\u00eda para contribuir con estas acciones, reportando al 911 de Emergencias o al 089 para Denuncia An\u00f3nima.<\/p>\n","protected":false},"excerpt":{"rendered":"<p>Los hechos se registraron en un colegio particular ubicado sobre Avenida Magisterio<\/p>\n","protected":false},"author":93,"featured_media":0,"comment_status":"closed","ping_status":"open","sticky":false,"template":"","format":"standard","meta":{"footnotes":""},"categories":[37],"tags":[],"class_list":["post-122720","post","type-post","status-publish","format-standard","hentry","category-barandilla"],"_links":{"self":[{"href":"https:\/\/plazajuarez.mx\/historico\/wp-json\/wp\/v2\/posts\/122720","targetHints":{"allow":["GET"]}}],"collection":[{"href":"https:\/\/plazajuarez.mx\/historico\/wp-json\/wp\/v2\/posts"}],"about":[{"href":"https:\/\/plazajuarez.mx\/historico\/wp-json\/wp\/v2\/types\/post"}],"author":[{"embeddable":true,"href":"https:\/\/plazajuarez.mx\/historico\/wp-json\/wp\/v2\/users\/93"}],"replies":[{"embeddable":true,"href":"https:\/\/plazajuarez.mx\/historico\/wp-json\/wp\/v2\/comments?post=122720"}],"version-history":[{"count":0,"href":"https:\/\/plazajuarez.mx\/historico\/wp-json\/wp\/v2\/posts\/122720\/revisions"}],"wp:attachment":[{"href":"https:\/\/plazajuarez.mx\/historico\/wp-json\/wp\/v2\/media?parent=122720"}],"wp:term":[{"taxonomy":"category","embeddable":true,"href":"https:\/\/plazajuarez.mx\/historico\/wp-json\/wp\/v2\/categories?post=122720"},{"taxonomy":"post_tag","embeddable":true,"href":"https:\/\/plazajuarez.mx\/historico\/wp-json\/wp\/v2\/tags?post=122720"}],"curies":[{"name":"wp","href":"https:\/\/api.w.org\/{rel}","templated":true}]}}