{"id":122648,"date":"2020-07-07T07:13:44","date_gmt":"2020-07-07T12:13:44","guid":{"rendered":"https:\/\/plazajuarez.mx\/?p=122648"},"modified":"2020-07-07T07:13:58","modified_gmt":"2020-07-07T12:13:58","slug":"desmienten-caso-covid-19-en-el-mercado-municipal","status":"publish","type":"post","link":"https:\/\/plazajuarez.mx\/historico\/desmienten-caso-covid-19-en-el-mercado-municipal\/","title":{"rendered":"Desmienten caso Covid-19 en el mercado municipal"},"content":{"rendered":"\n<ul class=\"wp-block-list\"><li><strong>Rumor que corri\u00f3 por las WhatsApp<\/strong><\/li><\/ul>\n\n\n\n<!--more-->\n\n\n\n<p><strong>Ixmiquilpan<\/strong>.- El administrador del mercado municipal Jos\u00e9 Ma. Morelos y Pav\u00f3n, Leopoldo Vargas \u00c1lvarez, \u00a0desminti\u00f3 un supuesto caso de Covid-19, rumor que circul\u00f3\u00a0 por un audio de WhatsApp. Dijo que no se tiene \u00a0reporte, \u201cs\u00f3lo \u00a0se trata de manchar la imagen de los locatarios.<\/p>\n\n\n\n<p>El audio mencionaba que una persona se encontraba contagiada de coronavirus, supuestamente estaba en el \u00e1rea de barbacoas, lo que gener\u00f3 p\u00e1nico entre la ciudadan\u00eda.<\/p>\n\n\n\n<p>Vargas \u00c1lvarez dijo que es totalmente, pues en el mercado han&nbsp; procurado que se acaten las medidas de sanidad \u201ctanto comerciantes, como clientes hacen uso del gel antibacterial, lavado de manos, uso de cubrebocas, y Sana Distancia.<\/p>\n\n\n\n<p>Sin embargo, para generar confianza, la administraci\u00f3n ha llevado a cabo la sanitizaci\u00f3n en el \u00e1rea de barbacoa.<\/p>\n","protected":false},"excerpt":{"rendered":"<p>Rumor que corri\u00f3 por las WhatsApp<\/p>\n","protected":false},"author":75,"featured_media":0,"comment_status":"closed","ping_status":"open","sticky":false,"template":"","format":"standard","meta":{"footnotes":""},"categories":[40],"tags":[],"class_list":["post-122648","post","type-post","status-publish","format-standard","hentry","category-region"],"_links":{"self":[{"href":"https:\/\/plazajuarez.mx\/historico\/wp-json\/wp\/v2\/posts\/122648","targetHints":{"allow":["GET"]}}],"collection":[{"href":"https:\/\/plazajuarez.mx\/historico\/wp-json\/wp\/v2\/posts"}],"about":[{"href":"https:\/\/plazajuarez.mx\/historico\/wp-json\/wp\/v2\/types\/post"}],"author":[{"embeddable":true,"href":"https:\/\/plazajuarez.mx\/historico\/wp-json\/wp\/v2\/users\/75"}],"replies":[{"embeddable":true,"href":"https:\/\/plazajuarez.mx\/historico\/wp-json\/wp\/v2\/comments?post=122648"}],"version-history":[{"count":0,"href":"https:\/\/plazajuarez.mx\/historico\/wp-json\/wp\/v2\/posts\/122648\/revisions"}],"wp:attachment":[{"href":"https:\/\/plazajuarez.mx\/historico\/wp-json\/wp\/v2\/media?parent=122648"}],"wp:term":[{"taxonomy":"category","embeddable":true,"href":"https:\/\/plazajuarez.mx\/historico\/wp-json\/wp\/v2\/categories?post=122648"},{"taxonomy":"post_tag","embeddable":true,"href":"https:\/\/plazajuarez.mx\/historico\/wp-json\/wp\/v2\/tags?post=122648"}],"curies":[{"name":"wp","href":"https:\/\/api.w.org\/{rel}","templated":true}]}}