{"id":122429,"date":"2020-07-06T06:37:46","date_gmt":"2020-07-06T11:37:46","guid":{"rendered":"https:\/\/plazajuarez.mx\/?p=122429"},"modified":"2020-07-06T06:37:59","modified_gmt":"2020-07-06T11:37:59","slug":"raymundo-capetillo-se-encuentra-grave","status":"publish","type":"post","link":"https:\/\/plazajuarez.mx\/historico\/raymundo-capetillo-se-encuentra-grave\/","title":{"rendered":"Raymundo Capetillo, se encuentra grave"},"content":{"rendered":"\n<ul class=\"wp-block-list\"><li><strong>El actor de 76 a\u00f1os entra en la llamada \u201cpoblaci\u00f3n vulnerable\u201d ante el Covid-19, por lo que al presentar s\u00edntomas, fue internado<\/strong><\/li><\/ul>\n\n\n\n<!--more-->\n\n\n\n<p>Raymundo Capetillo fue hospitalizado el d\u00eda de ayer por presentar s\u00edntomas por coronavirus Covid-19. Esto lo dio a conocer su amiga y cantante Ella Laboriel en su cuenta de Facebook.<\/p>\n\n\n\n<p>Hasta el momento no se ha dado a conocer cu\u00e1l es el estado de salud del actor, pero a sus 76 a\u00f1os entra en la llamada \u201cpoblaci\u00f3n vulnerable\u201d ante este virus.<\/p>\n\n\n\n<p>Raymundo lleva en la sangre lo brav\u00edo de la fiesta taurina y el glamour de la far\u00e1ndula nacional debido a su padre Manuel Capetillo quien fue el iniciador de la dinast\u00eda al abrirle las puertas a sus hijos Guillermo y Eduardo, hermanos del histri\u00f3n.<\/p>\n\n\n\n<p>Por su parte, el comediante Mauricio Herrera, subi\u00f3 en su cuenta de Twitter un comunicado, luego de que ayer se diera la noticia, sobre su estado de salud.<\/p>\n\n\n\n<p>En dicha misiva, se explica que desde el 15 de marzo, Herrera guard\u00f3 estricta cuarentena y adopt\u00f3 todos los protocolos sobre la sanidad que se debe de llevar para evitar cualquier contagio, sin embargo hace 8 d\u00edas inici\u00f3 con los s\u00edntomas a pesar del confinamiento.<\/p>\n\n\n\n<p>Se le realiz\u00f3 la prueba pertinente y sali\u00f3 positivo, por lo que se le trat\u00f3 de inmediato, debido a que \u00e9l tambi\u00e9n es parte de la comunidad m\u00e1s vulnerable por la edad que tiene.<\/p>\n\n\n\n<p>Otro de los actores que EL UNIVERSAL inform\u00f3 que se encontraba hospitalizado luego de que diera positivo, \u00e9l y toda su familia, fue To\u00f1o Mauri, que afortunadamente se report\u00f3 fuera de peligro y que muy pronto regresar\u00eda a su casa.<\/p>\n","protected":false},"excerpt":{"rendered":"<p>El actor de 76 a\u00f1os entra en la llamada \u201cpoblaci\u00f3n vulnerable\u201d ante el Covid-19, por lo que al presentar s\u00edntomas, fue internado<\/p>\n","protected":false},"author":81,"featured_media":0,"comment_status":"closed","ping_status":"open","sticky":false,"template":"","format":"standard","meta":{"footnotes":""},"categories":[38],"tags":[],"class_list":["post-122429","post","type-post","status-publish","format-standard","hentry","category-show"],"_links":{"self":[{"href":"https:\/\/plazajuarez.mx\/historico\/wp-json\/wp\/v2\/posts\/122429","targetHints":{"allow":["GET"]}}],"collection":[{"href":"https:\/\/plazajuarez.mx\/historico\/wp-json\/wp\/v2\/posts"}],"about":[{"href":"https:\/\/plazajuarez.mx\/historico\/wp-json\/wp\/v2\/types\/post"}],"author":[{"embeddable":true,"href":"https:\/\/plazajuarez.mx\/historico\/wp-json\/wp\/v2\/users\/81"}],"replies":[{"embeddable":true,"href":"https:\/\/plazajuarez.mx\/historico\/wp-json\/wp\/v2\/comments?post=122429"}],"version-history":[{"count":0,"href":"https:\/\/plazajuarez.mx\/historico\/wp-json\/wp\/v2\/posts\/122429\/revisions"}],"wp:attachment":[{"href":"https:\/\/plazajuarez.mx\/historico\/wp-json\/wp\/v2\/media?parent=122429"}],"wp:term":[{"taxonomy":"category","embeddable":true,"href":"https:\/\/plazajuarez.mx\/historico\/wp-json\/wp\/v2\/categories?post=122429"},{"taxonomy":"post_tag","embeddable":true,"href":"https:\/\/plazajuarez.mx\/historico\/wp-json\/wp\/v2\/tags?post=122429"}],"curies":[{"name":"wp","href":"https:\/\/api.w.org\/{rel}","templated":true}]}}