{"id":122412,"date":"2020-07-06T06:38:43","date_gmt":"2020-07-06T11:38:43","guid":{"rendered":"https:\/\/plazajuarez.mx\/?p=122412"},"modified":"2020-07-06T06:38:57","modified_gmt":"2020-07-06T11:38:57","slug":"alex-lora-dedicara-cancion-a-muertos-por-covid-19","status":"publish","type":"post","link":"https:\/\/plazajuarez.mx\/historico\/alex-lora-dedicara-cancion-a-muertos-por-covid-19\/","title":{"rendered":"Alex Lora dedicar\u00e1 canci\u00f3n a muertos por Covid-19"},"content":{"rendered":"\n<ul class=\"wp-block-list\"><li><strong>Alex Lora dio a conocer que pronto dar\u00e1 a estrenar\u00e1 una canci\u00f3n que est\u00e1 dedicada a las personas que fallecieron a causa del Covid-19.<\/strong><\/li><\/ul>\n\n\n\n<!--more-->\n\n\n\n<p>En una entrevista para el programa &#8220;Hablemos sobre el Covid-19&#8221; en Per\u00fa, el l\u00edder del Tri y su esposa Chela fueron los invitados de la \u00faltima emisi\u00f3n del show, donde mencionaron que el tema es para las personas que perdieron a un familiar.<\/p>\n\n\n\n<p>&#8220;La tristeza de todos los que se nos han adelantado por esta situaci\u00f3n me hizo inventar esta rola dedicada, precisamente, para los amigos que est\u00e1n en el cielo&#8221;.<\/p>\n\n\n\n<p>El m\u00fasico mexicano no dio m\u00e1s detalles del tema, pero adelant\u00f3 una parte y se anim\u00f3 a cantar. &#8220;Hoy quisiera encontrar a todos los amigos que un d\u00eda conoc\u00ed, a los que ya no est\u00e1n aqu\u00ed conmigo, con todos mis amigos hoy quisiera yo estar&#8221;, es un fragmento de la canci\u00f3n.<\/p>\n\n\n\n<p>La pareja coment\u00f3 que sienten un cari\u00f1o especial por Per\u00fa, ya que es uno de los lugares que m\u00e1s han visitado.<\/p>\n","protected":false},"excerpt":{"rendered":"<p>Alex Lora dio a conocer que pronto dar\u00e1 a estrenar\u00e1 una canci\u00f3n que est\u00e1 dedicada a las personas que fallecieron a causa del Covid-19.<\/p>\n","protected":false},"author":81,"featured_media":0,"comment_status":"closed","ping_status":"open","sticky":false,"template":"","format":"standard","meta":{"footnotes":""},"categories":[38],"tags":[],"class_list":["post-122412","post","type-post","status-publish","format-standard","hentry","category-show"],"_links":{"self":[{"href":"https:\/\/plazajuarez.mx\/historico\/wp-json\/wp\/v2\/posts\/122412","targetHints":{"allow":["GET"]}}],"collection":[{"href":"https:\/\/plazajuarez.mx\/historico\/wp-json\/wp\/v2\/posts"}],"about":[{"href":"https:\/\/plazajuarez.mx\/historico\/wp-json\/wp\/v2\/types\/post"}],"author":[{"embeddable":true,"href":"https:\/\/plazajuarez.mx\/historico\/wp-json\/wp\/v2\/users\/81"}],"replies":[{"embeddable":true,"href":"https:\/\/plazajuarez.mx\/historico\/wp-json\/wp\/v2\/comments?post=122412"}],"version-history":[{"count":0,"href":"https:\/\/plazajuarez.mx\/historico\/wp-json\/wp\/v2\/posts\/122412\/revisions"}],"wp:attachment":[{"href":"https:\/\/plazajuarez.mx\/historico\/wp-json\/wp\/v2\/media?parent=122412"}],"wp:term":[{"taxonomy":"category","embeddable":true,"href":"https:\/\/plazajuarez.mx\/historico\/wp-json\/wp\/v2\/categories?post=122412"},{"taxonomy":"post_tag","embeddable":true,"href":"https:\/\/plazajuarez.mx\/historico\/wp-json\/wp\/v2\/tags?post=122412"}],"curies":[{"name":"wp","href":"https:\/\/api.w.org\/{rel}","templated":true}]}}