{"id":122406,"date":"2020-07-06T05:50:00","date_gmt":"2020-07-06T10:50:00","guid":{"rendered":"https:\/\/plazajuarez.mx\/?p=122406"},"modified":"2020-07-06T06:52:26","modified_gmt":"2020-07-06T11:52:26","slug":"conflicto-en-la-canaco-renuncia-carlos-ham","status":"publish","type":"post","link":"https:\/\/plazajuarez.mx\/historico\/conflicto-en-la-canaco-renuncia-carlos-ham\/","title":{"rendered":"Conflicto en la Canaco: renuncia Carlos Ham"},"content":{"rendered":"\n<ul class=\"wp-block-list\"><li><strong>Derivado de un proceso legal, la PGJEH asegura las instalaciones de la C\u00e1mara; asegura Carlos Ham que desconoc\u00eda este procedimiento&nbsp;<\/strong><\/li><\/ul>\n\n\n\n<!--more-->\n\n\n\n<p>Luego de casi cuatro meses de pugna al interior de la C\u00e1mara Nacional de Comercio, Servicios y Turismo de Pachuca (Canaco Servytur), la noche del pasado s\u00e1bado la Procuradur\u00eda General de Justicia del Estado de Hidalgo (PGJEH) realiz\u00f3 el aseguramiento de las instalaciones de la C\u00e1mara, producto de un proceso iniciado por Sergio Trujillo Monroy.&nbsp;<\/p>\n\n\n\n<p>No fue sino hasta en la ma\u00f1ana del d\u00eda de ayer cuando Carlos Ham Mej\u00eda, quien ejerc\u00eda la dirigencia de la Canaco Pachuca en este mismo periodo de tiempo, emiti\u00f3 una postura al respecto, y en donde afirm\u00f3 que este proceso judicial \u201cnos tom\u00f3 por sorpresa, no hab\u00edamos sido notificados por nadie, no ten\u00edamos el conocimiento de que yo ni mi consejo directivo est\u00e1bamos inmersos en un proceso\u201d.&nbsp;<\/p>\n\n\n\n<p>Quien fungiera como presidente de la Canaco desde el mes de marzo asever\u00f3 que actualmente existe una demanda en contra suya y de 14 personas por despojo y robo, y que el acto legal efectuado la noche del s\u00e1bado representa \u201cuna desgracia, no solo para nosotros como consejo directivo, sino para los trabajadores, afiliados y no afiliados\u201d.&nbsp;<\/p>\n\n\n\n<p>Explic\u00f3 que, desde el a\u00f1o pasado, un grupo de empresarios comenzaron a observar una serie de fallas en la operaci\u00f3n de la c\u00e1mara e intereses particulares durante la gesti\u00f3n de Sergio Trujillo en el 2019, y que a ra\u00edz de ello se comenz\u00f3 a trabajar en un proyecto renovador que permitiera \u201crecuperar el renombre de la Canaco\u201d.&nbsp;<\/p>\n\n\n\n<p>No obstante, refiri\u00f3 que se intent\u00f3 crear un canal de comunicaci\u00f3n entre la presidencia y este grupo empresarial, en el cual Ham Mej\u00eda asever\u00f3 que no se obtuvo respuesta, y que previo a la renovaci\u00f3n de la dirigencia en el mes de marzo no se hizo caso omiso de sus peticiones.&nbsp;<\/p>\n\n\n\n<p>Derivado de esto, declar\u00f3: \u201chicimos lo que nuestros estatutos marcan para preservar el trabajo y la operaci\u00f3n de la c\u00e1mara porque se hab\u00eda abandonado y se hab\u00eda cerrado hace muchos d\u00edas, y cabe mencionar que despu\u00e9s de ponerla nuevamente en marcha, en ning\u00fan momento se mantuvo cerrada a nadie\u201d.&nbsp;<\/p>\n\n\n\n<p>Declar\u00f3 que se trat\u00f3 de comunicarse en todo momento con Trujillo Monroy para dirimir cualquier malentendido sin obtener resultado, y aunque asegur\u00f3 que su gesti\u00f3n ha tenido que lidiar con las presiones de la administraci\u00f3n anterior, ante el actual problema legal anunci\u00f3 que ceder\u00e1 la presidencia y entregar\u00e1 las instalaciones, en preservaci\u00f3n del bien com\u00fan.&nbsp;<\/p>\n\n\n\n<p><strong>CCEH reconoce a Sergio Trujillo como presidente de la Canaco Pachuca<\/strong><\/p>\n\n\n\n<p>A trav\u00e9s de un comunicado, el presidente del Consejo Coordinador Empresarial de Hidalgo (CCEH), Edgar Esp\u00ednola Licona, reconoci\u00f3 a Sergio Trujillo Monroy como el presidente de la Canaco Pachuca, ya que expres\u00f3 que \u00e9l present\u00f3 la documentaci\u00f3n debida en tiempo y forma que lo acredita.&nbsp;<\/p>\n","protected":false},"excerpt":{"rendered":"<p>Derivado de un proceso legal, la PGJEH asegura las instalaciones de la C\u00e1mara; asegura Carlos Ham que desconoc\u00eda este procedimiento&nbsp;<\/p>\n","protected":false},"author":93,"featured_media":0,"comment_status":"closed","ping_status":"open","sticky":false,"template":"","format":"standard","meta":{"footnotes":""},"categories":[15,59],"tags":[],"class_list":["post-122406","post","type-post","status-publish","format-standard","hentry","category-destacadas","category-general"],"_links":{"self":[{"href":"https:\/\/plazajuarez.mx\/historico\/wp-json\/wp\/v2\/posts\/122406","targetHints":{"allow":["GET"]}}],"collection":[{"href":"https:\/\/plazajuarez.mx\/historico\/wp-json\/wp\/v2\/posts"}],"about":[{"href":"https:\/\/plazajuarez.mx\/historico\/wp-json\/wp\/v2\/types\/post"}],"author":[{"embeddable":true,"href":"https:\/\/plazajuarez.mx\/historico\/wp-json\/wp\/v2\/users\/93"}],"replies":[{"embeddable":true,"href":"https:\/\/plazajuarez.mx\/historico\/wp-json\/wp\/v2\/comments?post=122406"}],"version-history":[{"count":0,"href":"https:\/\/plazajuarez.mx\/historico\/wp-json\/wp\/v2\/posts\/122406\/revisions"}],"wp:attachment":[{"href":"https:\/\/plazajuarez.mx\/historico\/wp-json\/wp\/v2\/media?parent=122406"}],"wp:term":[{"taxonomy":"category","embeddable":true,"href":"https:\/\/plazajuarez.mx\/historico\/wp-json\/wp\/v2\/categories?post=122406"},{"taxonomy":"post_tag","embeddable":true,"href":"https:\/\/plazajuarez.mx\/historico\/wp-json\/wp\/v2\/tags?post=122406"}],"curies":[{"name":"wp","href":"https:\/\/api.w.org\/{rel}","templated":true}]}}