{"id":122387,"date":"2020-07-06T06:03:30","date_gmt":"2020-07-06T11:03:30","guid":{"rendered":"https:\/\/plazajuarez.mx\/?p=122387"},"modified":"2020-07-06T06:03:44","modified_gmt":"2020-07-06T11:03:44","slug":"dese-por-enterado-733","status":"publish","type":"post","link":"https:\/\/plazajuarez.mx\/historico\/dese-por-enterado-733\/","title":{"rendered":"DESE POR ENTERADO"},"content":{"rendered":"\n<p><strong>CANDIDATURA PRI-PACHUCA, YA QUE PAREN LA PELEA.-<\/strong> Resulta que no, que cuando todos cre\u00edan que la disciplina, la institucionalidad habr\u00eda regresado al Revolucionario Institucional y unidos como hermanos franciscanos buscar\u00edan al mejor candidato para buscar suceder a Yoli Teller\u00eda, lo que se observa es todo lo contrario. As\u00ed que no pasa d\u00eda sin que le tundan a trasmano a uno, luego el uno al otro y as\u00ed hasta quedar con la boca sangrente y los ojos morados. Y no, que nadie diga, \u201c\u00bfyo, cu\u00e1ndo? Si soy ejemplo de pureza democr\u00e1tica y rectitud pre electoral\u201d. No se\u00f1ores, no se hagan, que todos bien que observan que en este proceso para elegir al abanderado pri\u00edsta organizan verdaderas celadas para ver si de una vez dejan al contrario m\u00e1s fr\u00edo que un oso polar. O los ponen quietos, o el PRI se puede resignar a perder nuevamente, con todo y que en Morena viven la misma situaci\u00f3n por la pelea que se traen las garzas filibusteras y los que ya casi se resignan a que les roben todas las candidaturas.<\/p>\n\n\n\n<p>***<\/p>\n\n\n\n<p><strong>REGRESAN LAS CERVEZAS, BIEN ELODIAS.-<\/strong> Como hipnotizados fueron vistos muchos pachuque\u00f1os al acudir a las tiendas oxxos, porque era cierto, un hecho y ya nadie podr\u00e1 decir que se trataba de una simple ilusi\u00f3n, una fake news como ahora se dice. No se\u00f1ores, la ilusi\u00f3n, la esperanza regres\u00f3 a la vida de los habitantes de la capital hidalguense, porque ah\u00ed, atr\u00e1s de la vitrina de pronto el sue\u00f1o se hizo realidad y una cerbatana bien Elodia abrazaba a los que presurosos acudieron para confirmar que la buena nueva era buena y era nueva: regresaron las cervezas a las tiendas de conveniencia. \u00a1Habemus Chelas!<\/p>\n\n\n\n<p>***<\/p>\n\n\n\n<p><strong>LUCIANO CORNEJO SER\u00c1 CANDIDATO POR EL PRI-PRD.-<\/strong> No, en serio, las alianzas que ya se cocinan entre el Revolucionario Institucional y el de la Revoluci\u00f3n Democr\u00e1tica est\u00e1n por lanzar como aspirante a presidente municipal a personajes tan, pero tan no s\u00e9 c\u00f3mo definirlos, como el famoso Lucy Luciano, quien sin duda es todo un lobo de mar en asuntos de la pol\u00edtica, y podr\u00eda ser parte de la nueva generaci\u00f3n de pol\u00edticos de la era moderna. Pero en estos tiempos que la ideolog\u00eda vale para nada, estamos ante algo simplemente normal. Lo importante es ganar, ya despu\u00e9s que pase lo que pase. Si Morena anda aliado con el Grupo Universidad, esto es peccata minuta.<\/p>\n\n\n\n<p>***<\/p>\n\n\n\n<p><strong>OTRA DE DON PASCUAL BAYL\u00d3N.-<\/strong> \u00bfNo le parece sospechoso que un alcalde que poco hizo durante su administraci\u00f3n que pronto va a terminar, de pronto le ha dado por querer inaugurar la pintura de un poste, el arbolito que plantaron, la colocaci\u00f3n de un ladrillo, la pintura verde que le pusieron al pasto de la cancha abandonada? Pues s\u00ed, y \u00bfa qu\u00e9 no saben qui\u00e9n anda como alma en pena en esa tarea? Pues s\u00ed, don Pascual Bayl\u00f3n. Mientras su carnalito, no el que est\u00e1 en el bote, el otro, tambi\u00e9n colabora para hacer m\u00e1s legendario el apellido. De veras que ni a cu\u00e1l irle.<\/p>\n\n\n\n<p>***<\/p>\n\n\n\n<p><strong><em>Aviso para que no digan: Esa columna se nutre de comentarios recabados en agencias del Recontra-Espionaje, muy similares a las que populariz\u00f3 el \u201cS\u00faper Agente 86\u201d en sus tiempos. Como tal, usted est\u00e1 en libertad de creer o no lo que lee, recontra-enojarse, recontra-carcajearse y hasta recontra-recordarnos a nuestra jefecita (nosotros recontra-hacemos lo propio). Avisado est\u00e1 usted.<\/em><\/strong><\/p>\n\n\n\n<p>Dudas y comentarios:<\/p>\n\n\n\n<p><a href=\"mailto:desexenterado@gmail.com\">desexenterado@gmail.com<\/a><\/p>\n\n\n\n<p>@desexenterado<\/p>\n","protected":false},"excerpt":{"rendered":"<p>CANDIDATURA PRI-PACHUCA, YA QUE PAREN LA PELEA.- Resulta que no, que cuando todos cre\u00edan que la disciplina, la institucionalidad habr\u00eda regresado al Revolucionario Institucional y unidos como hermanos franciscanos buscar\u00edan al mejor candidato para buscar suceder a Yoli Teller\u00eda, lo que se observa es todo lo contrario. As\u00ed que no pasa d\u00eda sin que le [&hellip;]<\/p>\n","protected":false},"author":93,"featured_media":0,"comment_status":"closed","ping_status":"open","sticky":false,"template":"","format":"standard","meta":{"footnotes":""},"categories":[83],"tags":[],"class_list":["post-122387","post","type-post","status-publish","format-standard","hentry","category-dese-por-enterado"],"_links":{"self":[{"href":"https:\/\/plazajuarez.mx\/historico\/wp-json\/wp\/v2\/posts\/122387","targetHints":{"allow":["GET"]}}],"collection":[{"href":"https:\/\/plazajuarez.mx\/historico\/wp-json\/wp\/v2\/posts"}],"about":[{"href":"https:\/\/plazajuarez.mx\/historico\/wp-json\/wp\/v2\/types\/post"}],"author":[{"embeddable":true,"href":"https:\/\/plazajuarez.mx\/historico\/wp-json\/wp\/v2\/users\/93"}],"replies":[{"embeddable":true,"href":"https:\/\/plazajuarez.mx\/historico\/wp-json\/wp\/v2\/comments?post=122387"}],"version-history":[{"count":0,"href":"https:\/\/plazajuarez.mx\/historico\/wp-json\/wp\/v2\/posts\/122387\/revisions"}],"wp:attachment":[{"href":"https:\/\/plazajuarez.mx\/historico\/wp-json\/wp\/v2\/media?parent=122387"}],"wp:term":[{"taxonomy":"category","embeddable":true,"href":"https:\/\/plazajuarez.mx\/historico\/wp-json\/wp\/v2\/categories?post=122387"},{"taxonomy":"post_tag","embeddable":true,"href":"https:\/\/plazajuarez.mx\/historico\/wp-json\/wp\/v2\/tags?post=122387"}],"curies":[{"name":"wp","href":"https:\/\/api.w.org\/{rel}","templated":true}]}}