{"id":122382,"date":"2020-07-06T06:09:32","date_gmt":"2020-07-06T11:09:32","guid":{"rendered":"https:\/\/plazajuarez.mx\/?p=122382"},"modified":"2020-07-06T06:26:23","modified_gmt":"2020-07-06T11:26:23","slug":"inauguran-unidad-de-recuperacion","status":"publish","type":"post","link":"https:\/\/plazajuarez.mx\/historico\/inauguran-unidad-de-recuperacion\/","title":{"rendered":"Inauguran unidad de recuperaci\u00f3n"},"content":{"rendered":"\n<ul class=\"wp-block-list\"><li><strong>Fue habilitada en tiempo r\u00e9cord, con la finalidad de que el paciente recupere su salud y se reincorpore a su n\u00facleo familiar<\/strong><\/li><\/ul>\n\n\n\n<!--more-->\n\n\n\n<p>En un tiempo r\u00e9cord de 10 d\u00edas, el Gobierno del Estado de Hidalgo habilit\u00f3 y equip\u00f3 la Unidad de Recuperaci\u00f3n Covid-19, misma que es \u00fanica en su tipo en M\u00e9xico, dentro de las instalaciones del Hospital General de Pachuca Campus Arista, con la finalidad de que los pacientes concluyan su recuperaci\u00f3n por medio del suministro de ox\u00edgeno, promoci\u00f3n de h\u00e1bitos saludables y de prevenci\u00f3n, lo anterior les permitir\u00e1 reincorporarse a su n\u00facleo familiar sin riesgo de contagio.<\/p>\n\n\n\n<p>Al poner en operaci\u00f3n la Unidad de Recuperaci\u00f3n Covid-19, el gobernador Omar Fayad destac\u00f3 que la atenci\u00f3n a la poblaci\u00f3n es de primer nivel: \u201cestamos abriendo paso a poder tener mayores espacios de los hospitales, cl\u00ednicas y Centros de Respuesta Inmediata Covid-19, a trav\u00e9s del establecimiento de unidades como la que estamos poniendo en marcha, porque permite que los pacientes recuperados, que afortunadamente son m\u00e1s que los fallecidos en Hidalgo, puedan tener un lugar donde concluir el proceso de restablecimiento y de recuperaci\u00f3n\u201d, se\u00f1al\u00f3.<\/p>\n\n\n\n<p>La Unidad de Recuperaci\u00f3n Covid-19 forma parte del Operativo Escudo, plan de acci\u00f3n integral para atender a la sociedad desde diferentes rubros, el cual ha dado \u201cbuenos resultados mientras estamos en esta transici\u00f3n de fase roja a naranja&#8221;.<\/p>\n\n\n\n<p>Sobre el sem\u00e1foro epidemiol\u00f3gico nacional publicado por el Gobierno de M\u00e9xico, dijo que en Hidalgo no se levantar\u00e1n las medidas de la fase roja de forma inmediata; pues despu\u00e9s de cada transici\u00f3n habr\u00e1 una semana de espera para entrar a la fase naranja.<\/p>\n","protected":false},"excerpt":{"rendered":"<p>Fue habilitada en tiempo r\u00e9cord, con la finalidad de que el paciente recupere su salud y se reincorpore a su n\u00facleo familiar<\/p>\n","protected":false},"author":93,"featured_media":0,"comment_status":"closed","ping_status":"open","sticky":false,"template":"","format":"standard","meta":{"footnotes":""},"categories":[15,59],"tags":[],"class_list":["post-122382","post","type-post","status-publish","format-standard","hentry","category-destacadas","category-general"],"_links":{"self":[{"href":"https:\/\/plazajuarez.mx\/historico\/wp-json\/wp\/v2\/posts\/122382","targetHints":{"allow":["GET"]}}],"collection":[{"href":"https:\/\/plazajuarez.mx\/historico\/wp-json\/wp\/v2\/posts"}],"about":[{"href":"https:\/\/plazajuarez.mx\/historico\/wp-json\/wp\/v2\/types\/post"}],"author":[{"embeddable":true,"href":"https:\/\/plazajuarez.mx\/historico\/wp-json\/wp\/v2\/users\/93"}],"replies":[{"embeddable":true,"href":"https:\/\/plazajuarez.mx\/historico\/wp-json\/wp\/v2\/comments?post=122382"}],"version-history":[{"count":0,"href":"https:\/\/plazajuarez.mx\/historico\/wp-json\/wp\/v2\/posts\/122382\/revisions"}],"wp:attachment":[{"href":"https:\/\/plazajuarez.mx\/historico\/wp-json\/wp\/v2\/media?parent=122382"}],"wp:term":[{"taxonomy":"category","embeddable":true,"href":"https:\/\/plazajuarez.mx\/historico\/wp-json\/wp\/v2\/categories?post=122382"},{"taxonomy":"post_tag","embeddable":true,"href":"https:\/\/plazajuarez.mx\/historico\/wp-json\/wp\/v2\/tags?post=122382"}],"curies":[{"name":"wp","href":"https:\/\/api.w.org\/{rel}","templated":true}]}}