{"id":122381,"date":"2020-07-06T06:08:40","date_gmt":"2020-07-06T11:08:40","guid":{"rendered":"https:\/\/plazajuarez.mx\/?p=122381"},"modified":"2020-07-06T06:08:54","modified_gmt":"2020-07-06T11:08:54","slug":"empresas-deberan-atender-salud-mental-de-trabajadores","status":"publish","type":"post","link":"https:\/\/plazajuarez.mx\/historico\/empresas-deberan-atender-salud-mental-de-trabajadores\/","title":{"rendered":"Empresas deber\u00e1n atender salud mental de trabajadores"},"content":{"rendered":"\n<ul class=\"wp-block-list\"><li><strong>Como parte de las medidas sanitarias para las empresas en el marco de la reactivaci\u00f3n econ\u00f3mica<\/strong><\/li><\/ul>\n\n\n\n<!--more-->\n\n\n\n<p>La titular de la Secretar\u00eda del Trabajo y Previsi\u00f3n Social de Hidalgo (STPSH), Mar\u00eda de los \u00c1ngeles Eguiluz Tapia, inform\u00f3 que, como parte de las medidas sanitarias para las empresas en el marco de la reactivaci\u00f3n econ\u00f3mica, las compa\u00f1\u00edas grandes deber\u00e1n implementar programas de salud, no solo f\u00edsica, sino tambi\u00e9n mental.&nbsp;<\/p>\n\n\n\n<p>En ese sentido, la funcionaria remarc\u00f3 que, adem\u00e1s de las 15 medidas indispensables que toda empresa debe acatar para reiniciar sus actividades, sin importar el tama\u00f1o y el sector al que pertenezca, en el caso de las grandes deber\u00e1n atender 72 medidas adicionales, entre las que se encuentran las medidas de planeaci\u00f3n y vigilancia, de ingenier\u00eda y estructurales, administrativas y de promoci\u00f3n a la salud.&nbsp;<\/p>\n\n\n\n<p>Al respecto, la secretaria coment\u00f3 que en este mismo protocolo se debe contar con lineamientos para la identificaci\u00f3n de factores de riesgo psicosocial, tales como violencia laboral, carga mental, entorno organizacional, adem\u00e1s de la inclusi\u00f3n de un c\u00f3digo de \u00e9tica con lineamientos de no discriminaci\u00f3n para las personas que hayan tenido Covid-19.&nbsp;<\/p>\n","protected":false},"excerpt":{"rendered":"<p>Como parte de las medidas sanitarias para las empresas en el marco de la reactivaci\u00f3n econ\u00f3mica<\/p>\n","protected":false},"author":72,"featured_media":0,"comment_status":"closed","ping_status":"open","sticky":false,"template":"","format":"standard","meta":{"footnotes":""},"categories":[59],"tags":[],"class_list":["post-122381","post","type-post","status-publish","format-standard","hentry","category-general"],"_links":{"self":[{"href":"https:\/\/plazajuarez.mx\/historico\/wp-json\/wp\/v2\/posts\/122381","targetHints":{"allow":["GET"]}}],"collection":[{"href":"https:\/\/plazajuarez.mx\/historico\/wp-json\/wp\/v2\/posts"}],"about":[{"href":"https:\/\/plazajuarez.mx\/historico\/wp-json\/wp\/v2\/types\/post"}],"author":[{"embeddable":true,"href":"https:\/\/plazajuarez.mx\/historico\/wp-json\/wp\/v2\/users\/72"}],"replies":[{"embeddable":true,"href":"https:\/\/plazajuarez.mx\/historico\/wp-json\/wp\/v2\/comments?post=122381"}],"version-history":[{"count":0,"href":"https:\/\/plazajuarez.mx\/historico\/wp-json\/wp\/v2\/posts\/122381\/revisions"}],"wp:attachment":[{"href":"https:\/\/plazajuarez.mx\/historico\/wp-json\/wp\/v2\/media?parent=122381"}],"wp:term":[{"taxonomy":"category","embeddable":true,"href":"https:\/\/plazajuarez.mx\/historico\/wp-json\/wp\/v2\/categories?post=122381"},{"taxonomy":"post_tag","embeddable":true,"href":"https:\/\/plazajuarez.mx\/historico\/wp-json\/wp\/v2\/tags?post=122381"}],"curies":[{"name":"wp","href":"https:\/\/api.w.org\/{rel}","templated":true}]}}