{"id":122361,"date":"2020-07-06T05:55:47","date_gmt":"2020-07-06T10:55:47","guid":{"rendered":"https:\/\/plazajuarez.mx\/?p=122361"},"modified":"2020-07-06T05:56:00","modified_gmt":"2020-07-06T10:56:00","slug":"prepararon-todo-para-pasar-a-la-siguiente-fase-rumbo-a-la-nueva-normalidad","status":"publish","type":"post","link":"https:\/\/plazajuarez.mx\/historico\/prepararon-todo-para-pasar-a-la-siguiente-fase-rumbo-a-la-nueva-normalidad\/","title":{"rendered":"Prepararon todo para pasar a la siguiente fase rumbo a la nueva  normalidad"},"content":{"rendered":"\n<ul class=\"wp-block-list\"><li><strong>Se realiz\u00f3 en Tula una sanitizaci\u00f3n masiva en calles de la zona centro en la cabecera municipal.<\/strong><\/li><\/ul>\n\n\n\n<!--more-->\n\n\n\n<p>Para continuar con las acciones preventivas para contener la propagaci\u00f3n del Covid-19&nbsp; y con la participaci\u00f3n de empresas y m\u00e1s de 60 personas, se realiz\u00f3 en Tula una sanitizaci\u00f3n masiva en calles de la zona centro en la cabecera municipal.<\/p>\n\n\n\n<p>El presidente municipal de Tula, Ismael Gadoth Tapia Ben\u00edtez, dijo que estos trabajos son un esfuerzo coordinado entre la iniciativa privada, la sociedad civil y las autoridades municipales para reforzar las acciones que sirvan para mitigar el avance del virus SARS-COV2 que causa la enfermedad Covid-19.<\/p>\n\n\n\n<p>Esta sanitizaci\u00f3n masiva pudo realizarse con el trabajo comprometido de control de plagas y fumigaciones spider, Servicios Industriales Argos, control de plagas, Bios, Plagaquim y con elementos de Protecci\u00f3n Civil y Bomberos de Tula, as\u00ed como de Servicios Municipales y de Protecci\u00f3n al Ambiente.<\/p>\n\n\n\n<p>El alcalde Tapia Ben\u00edtez, tras agradecer el compromiso social de la iniciativa privada con la coordinaci\u00f3n e iniciativa de Reyes L\u00f3pez Viveros, dijo que estas acciones por la salud de los tulenses, fortalecen las medidas tomadas por el gobernador Omar Fayad Meneses a trav\u00e9s del \u201cOperativo Escudo\u201d, a la vez que se detall\u00f3 que para calles y espacios abiertos se emplearon 10 nebulizadoras de motor en fr\u00edo, 4 nebulizadoras el\u00e9ctricas, 45 aspersoras manuales en tanto que el personal de las empresas participantes fueron 60 persona, m\u00e1s 10 t\u00e9cnicos operativos.<\/p>\n\n\n\n<p><strong>Medidas en Hidalgo (fase naranja)<\/strong><\/p>\n\n\n\n<p>Los sectores esenciales podr\u00e1n aumentar sus actividades, pero se favorecer\u00e1 el trabajo desde casa. Los sectores no esenciales retomar\u00e1n sus actividades progresivamente. Su personal no deber\u00e1 rebasar el 30 por ciento de la plantilla total.<\/p>\n\n\n\n<p>Los aforos se mantendr\u00e1n en un 30 por ciento en hoteles, restaurantes, salones de belleza y barber\u00edas, servicios de salud y asistencia social, gimnasios, cines, plazas comerciales, templos, bancos, peque\u00f1os comercios, balnearios, albercas y mercados.<\/p>\n\n\n\n<p>Los supermercados tendr\u00e1n un aforo de hasta un 50 por ciento, permitiendo la entrada a una sola persona por familia. Bares, discotecas y centros recreativos continuar\u00e1n cerrados por disposici\u00f3n Federal.<\/p>\n","protected":false},"excerpt":{"rendered":"<p>Se realiz\u00f3 en Tula una sanitizaci\u00f3n masiva en calles de la zona centro en la cabecera municipal.<\/p>\n","protected":false},"author":93,"featured_media":0,"comment_status":"closed","ping_status":"open","sticky":false,"template":"","format":"standard","meta":{"footnotes":""},"categories":[40],"tags":[],"class_list":["post-122361","post","type-post","status-publish","format-standard","hentry","category-region"],"_links":{"self":[{"href":"https:\/\/plazajuarez.mx\/historico\/wp-json\/wp\/v2\/posts\/122361","targetHints":{"allow":["GET"]}}],"collection":[{"href":"https:\/\/plazajuarez.mx\/historico\/wp-json\/wp\/v2\/posts"}],"about":[{"href":"https:\/\/plazajuarez.mx\/historico\/wp-json\/wp\/v2\/types\/post"}],"author":[{"embeddable":true,"href":"https:\/\/plazajuarez.mx\/historico\/wp-json\/wp\/v2\/users\/93"}],"replies":[{"embeddable":true,"href":"https:\/\/plazajuarez.mx\/historico\/wp-json\/wp\/v2\/comments?post=122361"}],"version-history":[{"count":0,"href":"https:\/\/plazajuarez.mx\/historico\/wp-json\/wp\/v2\/posts\/122361\/revisions"}],"wp:attachment":[{"href":"https:\/\/plazajuarez.mx\/historico\/wp-json\/wp\/v2\/media?parent=122361"}],"wp:term":[{"taxonomy":"category","embeddable":true,"href":"https:\/\/plazajuarez.mx\/historico\/wp-json\/wp\/v2\/categories?post=122361"},{"taxonomy":"post_tag","embeddable":true,"href":"https:\/\/plazajuarez.mx\/historico\/wp-json\/wp\/v2\/tags?post=122361"}],"curies":[{"name":"wp","href":"https:\/\/api.w.org\/{rel}","templated":true}]}}