{"id":122357,"date":"2020-07-06T05:52:19","date_gmt":"2020-07-06T10:52:19","guid":{"rendered":"https:\/\/plazajuarez.mx\/?p=122357"},"modified":"2020-07-06T05:52:29","modified_gmt":"2020-07-06T10:52:29","slug":"piden-apoyo-para-paisano-enfermo-de-covid-19","status":"publish","type":"post","link":"https:\/\/plazajuarez.mx\/historico\/piden-apoyo-para-paisano-enfermo-de-covid-19\/","title":{"rendered":"Piden apoyo para paisano enfermo de Covid-19"},"content":{"rendered":"\n<ul class=\"wp-block-list\"><li><strong>El joven originario de San Juanico ha tenido que usar un ventilador artificial\u00a0<\/strong><\/li><\/ul>\n\n\n\n<!--more-->\n\n\n\n<p>Un joven originario de la comunidad de La Palma, San Juanico, se encuentra delicado de salud tras contraer el Covid-19, por lo que ha tenido que usar un ventilador artificial en los estados Unidos, sin embargo la familia se ha quedado sin dinero para cubrir los gastos m\u00e9dicos lo que ha originado que soliciten el apoyo de la ciudadan\u00eda.\u00a0<\/p>\n\n\n\n<p>H\u00e9ctor Palma, est\u00e1 hospitalizado en el JPS en Fort Worth, quien lleva atendi\u00e9ndolo desde el pasado 28 de junio, debido a problemas para respirar.&nbsp; Aunque se ha reportado que se encuentra estable, los familiares no cuentan ya con recursos para poder sostener su hospitalizaci\u00f3n.&nbsp;<\/p>\n\n\n\n<p>Por ello, se ha abierto una cuenta de banco para reunir fondos para poderle apoyar econ\u00f3micamente a la familia. Esta reuni\u00f3n de fondos, no solo se aplica en los Estados Unidos, tambi\u00e9n se ha pedido apoyo en M\u00e9xico.&nbsp;<\/p>\n\n\n\n<p>\u201cH\u00e9ctor ha ayudado a muchas personas sin recibir y sin esperar nada a cambio. Pienso que hoy nos toca a ayudarle a \u00e9l\u201d. El joven, contrajo el virus en esa ciudad y ahora se encuentra hospitalizado, sin embargo el sistema de salud en los Estados Unidos es costoso.<\/p>\n","protected":false},"excerpt":{"rendered":"<p>El joven originario de San Juanico ha tenido que usar un ventilador artificial\u00a0<\/p>\n","protected":false},"author":75,"featured_media":0,"comment_status":"closed","ping_status":"open","sticky":false,"template":"","format":"standard","meta":{"footnotes":""},"categories":[40],"tags":[],"class_list":["post-122357","post","type-post","status-publish","format-standard","hentry","category-region"],"_links":{"self":[{"href":"https:\/\/plazajuarez.mx\/historico\/wp-json\/wp\/v2\/posts\/122357","targetHints":{"allow":["GET"]}}],"collection":[{"href":"https:\/\/plazajuarez.mx\/historico\/wp-json\/wp\/v2\/posts"}],"about":[{"href":"https:\/\/plazajuarez.mx\/historico\/wp-json\/wp\/v2\/types\/post"}],"author":[{"embeddable":true,"href":"https:\/\/plazajuarez.mx\/historico\/wp-json\/wp\/v2\/users\/75"}],"replies":[{"embeddable":true,"href":"https:\/\/plazajuarez.mx\/historico\/wp-json\/wp\/v2\/comments?post=122357"}],"version-history":[{"count":0,"href":"https:\/\/plazajuarez.mx\/historico\/wp-json\/wp\/v2\/posts\/122357\/revisions"}],"wp:attachment":[{"href":"https:\/\/plazajuarez.mx\/historico\/wp-json\/wp\/v2\/media?parent=122357"}],"wp:term":[{"taxonomy":"category","embeddable":true,"href":"https:\/\/plazajuarez.mx\/historico\/wp-json\/wp\/v2\/categories?post=122357"},{"taxonomy":"post_tag","embeddable":true,"href":"https:\/\/plazajuarez.mx\/historico\/wp-json\/wp\/v2\/tags?post=122357"}],"curies":[{"name":"wp","href":"https:\/\/api.w.org\/{rel}","templated":true}]}}