{"id":122355,"date":"2020-07-06T05:53:10","date_gmt":"2020-07-06T10:53:10","guid":{"rendered":"https:\/\/plazajuarez.mx\/?p=122355"},"modified":"2020-07-06T05:53:21","modified_gmt":"2020-07-06T10:53:21","slug":"amlo-se-queda-tulenses-ponen-en-marcha-campana-a-favor-del-presidente","status":"publish","type":"post","link":"https:\/\/plazajuarez.mx\/historico\/amlo-se-queda-tulenses-ponen-en-marcha-campana-a-favor-del-presidente\/","title":{"rendered":"AMLO se queda: tulenses ponen en marcha campa\u00f1a a favor del presidente"},"content":{"rendered":"\n<ul class=\"wp-block-list\"><li><strong>Los manifestantes se pronunciaron a favor de las pol\u00edticas del sexenio en curso<\/strong><\/li><\/ul>\n\n\n\n<!--more-->\n\n\n\n<p>Ciudadanos con partido pol\u00edtico y sin partido, iniciaron una campa\u00f1a de apoyo y respaldo al presidente de la rep\u00fablica Andr\u00e9s Manuel L\u00f3pez Obrador denominada\u00a0 \u201cAMLO se Queda\u201d y aprovecharon para destacar los logros de la administraci\u00f3n federal principalmente los dirigidos a los grupos m\u00e1s vulnerables.<\/p>\n\n\n\n<p>El grupo de hombres y mujeres colocaron calcoman\u00edas en los veh\u00edculos en las que dice: \u201cAMLO se Queda\u201d, y en entrevista las mujeres hablaron de los logros como el haber eliminado las pensiones de los ex presidentes de M\u00e9xico, y el hacer que ahora los \u201cmachuchones\u201d paguen los impuestos que les corresponden, le duplic\u00f3 la pensi\u00f3n a los adultos mayores y ahora les asign\u00f3 una a los estudiantes y a las personas discapacitadas.<\/p>\n\n\n\n<p>Recordaron que AMLO es un hombre que ha venido trabajando por los m\u00e1s necesitados desde hace varios a\u00f1os y lo hace \u201cporque es un hombre que viene luchando desde abajo, conoce la radiograf\u00eda de los pueblos, nunca se venci\u00f3 a pesar de que en dos ocasiones le robaron el triunfo\u201d.<\/p>\n\n\n\n<p>Y que por eso ahora que tanto \u00e9l, como el pueblo, que lograron el triunfo, no van a permitir que los que se hab\u00edan sentido due\u00f1os de M\u00e9xico lo sigan atacando y que para eso van a salir a las calles a expresar su apoyo y que no est\u00e1 solo, pero sobre todo reiterarle a los opositores que \u201cAMLO se Queda\u201d, porque esa fue la voluntad de miles de mexicanos que votaron por \u00e9l.<\/p>\n\n\n\n<p>Finalmente, cabe hacer menci\u00f3n que los automovilistas con el claxon expresaban su apoyo a AMLO y al mismo tiempo solicitaban se les colocara una calcoman\u00eda en su unidad.<\/p>\n","protected":false},"excerpt":{"rendered":"<p>Los manifestantes se pronunciaron a favor de las pol\u00edticas del sexenio en curso<\/p>\n","protected":false},"author":71,"featured_media":0,"comment_status":"closed","ping_status":"open","sticky":false,"template":"","format":"standard","meta":{"footnotes":""},"categories":[40],"tags":[],"class_list":["post-122355","post","type-post","status-publish","format-standard","hentry","category-region"],"_links":{"self":[{"href":"https:\/\/plazajuarez.mx\/historico\/wp-json\/wp\/v2\/posts\/122355","targetHints":{"allow":["GET"]}}],"collection":[{"href":"https:\/\/plazajuarez.mx\/historico\/wp-json\/wp\/v2\/posts"}],"about":[{"href":"https:\/\/plazajuarez.mx\/historico\/wp-json\/wp\/v2\/types\/post"}],"author":[{"embeddable":true,"href":"https:\/\/plazajuarez.mx\/historico\/wp-json\/wp\/v2\/users\/71"}],"replies":[{"embeddable":true,"href":"https:\/\/plazajuarez.mx\/historico\/wp-json\/wp\/v2\/comments?post=122355"}],"version-history":[{"count":0,"href":"https:\/\/plazajuarez.mx\/historico\/wp-json\/wp\/v2\/posts\/122355\/revisions"}],"wp:attachment":[{"href":"https:\/\/plazajuarez.mx\/historico\/wp-json\/wp\/v2\/media?parent=122355"}],"wp:term":[{"taxonomy":"category","embeddable":true,"href":"https:\/\/plazajuarez.mx\/historico\/wp-json\/wp\/v2\/categories?post=122355"},{"taxonomy":"post_tag","embeddable":true,"href":"https:\/\/plazajuarez.mx\/historico\/wp-json\/wp\/v2\/tags?post=122355"}],"curies":[{"name":"wp","href":"https:\/\/api.w.org\/{rel}","templated":true}]}}