{"id":122354,"date":"2020-07-06T05:51:36","date_gmt":"2020-07-06T10:51:36","guid":{"rendered":"https:\/\/plazajuarez.mx\/?p=122354"},"modified":"2020-07-06T05:51:49","modified_gmt":"2020-07-06T10:51:49","slug":"buscan-a-familiares-de-sujeto-herido","status":"publish","type":"post","link":"https:\/\/plazajuarez.mx\/historico\/buscan-a-familiares-de-sujeto-herido\/","title":{"rendered":"Buscan a familiares de sujeto herido"},"content":{"rendered":"\n<ul class=\"wp-block-list\"><li><strong>El afectado permanece en calidad de desconocido desde el viernes\u00a0<\/strong><\/li><\/ul>\n\n\n\n<!--more-->\n\n\n\n<p>El Hospital General de Tulancingo, a trav\u00e9s de su Facebook, public\u00f3 la foto de un hombre que fue impactado la tarde del pasado viernes por una patrulla estatal, a la altura del sem\u00e1foro de la entrada a habitacionales, sobre la carretera federal M\u00e9xico \u2013 Tuxpan.<\/p>\n\n\n\n<p>\u201cSolicitamos su apoyo para localizar familiares del paciente que permanece en calidad de desconocido. Lleg\u00f3 el 03 de julio, trasladado por cruz roja por atropellamiento en carretera M\u00e9xico Tuxpan en la colonia San Jos\u00e9 aproximadamente a las 19 hrs\u201d, se\u00f1ala la publicaci\u00f3n.<\/p>\n\n\n\n<p>De acuerdo con un video publicado por el C5i, el conductor de la patrulla cruzaba sobre esta entrada, cuando de repente, el hombre pr\u00e1cticamente embisti\u00f3 la camioneta, por lo que sali\u00f3 rebotado.<\/p>\n\n\n\n<p>La v\u00edctima de 60 a\u00f1os, qued\u00f3 inconsciente por lo que tuvo que ser trasladado con traumatismo craneoencef\u00e1lico al Hospital General.<\/p>\n\n\n\n<p>El incidente caus\u00f3 confrontaci\u00f3n entre elementos policiacos y ciudadanos residentes y vecinos de la zona, quienes exig\u00edan justicia para el hombre que ahora se encuentra en terapia intensiva.<\/p>\n\n\n\n<p>A trav\u00e9s de un comunicado, la Secretar\u00eda de Seguridad P\u00fablica de Hidalgo inform\u00f3 que brindar\u00e1 todo el respaldo institucional y jur\u00eddico al oficial de Polic\u00eda Estatal involucrado.<\/p>\n","protected":false},"excerpt":{"rendered":"<p>El afectado permanece en calidad de desconocido desde el viernes\u00a0<\/p>\n","protected":false},"author":70,"featured_media":0,"comment_status":"closed","ping_status":"open","sticky":false,"template":"","format":"standard","meta":{"footnotes":""},"categories":[40],"tags":[],"class_list":["post-122354","post","type-post","status-publish","format-standard","hentry","category-region"],"_links":{"self":[{"href":"https:\/\/plazajuarez.mx\/historico\/wp-json\/wp\/v2\/posts\/122354","targetHints":{"allow":["GET"]}}],"collection":[{"href":"https:\/\/plazajuarez.mx\/historico\/wp-json\/wp\/v2\/posts"}],"about":[{"href":"https:\/\/plazajuarez.mx\/historico\/wp-json\/wp\/v2\/types\/post"}],"author":[{"embeddable":true,"href":"https:\/\/plazajuarez.mx\/historico\/wp-json\/wp\/v2\/users\/70"}],"replies":[{"embeddable":true,"href":"https:\/\/plazajuarez.mx\/historico\/wp-json\/wp\/v2\/comments?post=122354"}],"version-history":[{"count":0,"href":"https:\/\/plazajuarez.mx\/historico\/wp-json\/wp\/v2\/posts\/122354\/revisions"}],"wp:attachment":[{"href":"https:\/\/plazajuarez.mx\/historico\/wp-json\/wp\/v2\/media?parent=122354"}],"wp:term":[{"taxonomy":"category","embeddable":true,"href":"https:\/\/plazajuarez.mx\/historico\/wp-json\/wp\/v2\/categories?post=122354"},{"taxonomy":"post_tag","embeddable":true,"href":"https:\/\/plazajuarez.mx\/historico\/wp-json\/wp\/v2\/tags?post=122354"}],"curies":[{"name":"wp","href":"https:\/\/api.w.org\/{rel}","templated":true}]}}